{"id":9476,"date":"2023-10-06T15:19:51","date_gmt":"2023-10-06T18:19:51","guid":{"rendered":"https:\/\/www.santaritadopassaquatro.sp.gov.br\/portal\/?p=9476"},"modified":"2023-10-06T15:27:44","modified_gmt":"2023-10-06T18:27:44","slug":"assistencia-social-comemora-dia-do-idoso-com-cafe-da-manha","status":"publish","type":"post","link":"https:\/\/www.santaritadopassaquatro.sp.gov.br\/portal\/assistencia-social-comemora-dia-do-idoso-com-cafe-da-manha\/","title":{"rendered":"ASSIST\u00caNCIA SOCIAL COMEMORA DIA DO IDOSO COM CAF\u00c9 DA MANH\u00c3"},"content":{"rendered":"\n<p>No dia 1\u00ba de outubro \u00e9 celebrado o Dia Internacional da Terceira Idade e o Dia Nacional do Idoso.<br>A Prefeitura Municipal de Santa Rita do Passa Quatro atrav\u00e9s com o Departamento de Assist\u00eancia Social pelo servi\u00e7os ofertados Centro de Conviv\u00eancia da Pessoa Idosa organizaram um caf\u00e9 da manh\u00e3 no Morro Itatiaia para comemorar essa data t\u00e3o especial com os 250 idosos inscritos no programa.<br>Uma manh\u00e3 recheada de quitutes feito pelos pr\u00f3prios idosos que aceitaram compartilhar receitas de fam\u00edlia, mem\u00f3rias e muita alegria.<br>Essa data foi institu\u00edda com o objetivo de sensibilizar a sociedade sobre as quest\u00f5es relacionadas ao envelhecimento, destacando a necessidade de prote\u00e7\u00e3o e de cuidados com a popula\u00e7\u00e3o idosa.<\/p>\n\n\n\n<figure class=\"wp-block-image size-full\"><img decoding=\"async\" width=\"1600\" height=\"1200\" src=\"https:\/\/www.santaritadopassaquatro.sp.gov.br\/portal\/wp-content\/uploads\/2023\/10\/WhatsApp-Image-2023-10-06-at-15.06.58-1.jpeg\" alt=\"\" class=\"wp-image-9477\"\/><\/figure>\n\n\n\n<figure class=\"wp-block-image size-full\"><img decoding=\"async\" width=\"1600\" height=\"1200\" src=\"https:\/\/www.santaritadopassaquatro.sp.gov.br\/portal\/wp-content\/uploads\/2023\/10\/WhatsApp-Image-2023-10-06-at-15.06.58-2.jpeg\" alt=\"\" class=\"wp-image-9478\"\/><\/figure>\n\n\n\n<figure class=\"wp-block-image size-full\"><img decoding=\"async\" width=\"1200\" height=\"1600\" src=\"https:\/\/www.santaritadopassaquatro.sp.gov.br\/portal\/wp-content\/uploads\/2023\/10\/WhatsApp-Image-2023-10-06-at-15.06.58.jpeg\" alt=\"\" class=\"wp-image-9479\"\/><\/figure>\n\n\n\n<figure class=\"wp-block-image size-full\"><img decoding=\"async\" width=\"1200\" height=\"1600\" src=\"https:\/\/www.santaritadopassaquatro.sp.gov.br\/portal\/wp-content\/uploads\/2023\/10\/WhatsApp-Image-2023-10-06-at-15.06.59-1.jpeg\" alt=\"\" class=\"wp-image-9480\"\/><\/figure>\n\n\n\n<figure class=\"wp-block-image size-full is-resized\"><img decoding=\"async\" src=\"http:\/\/www.santaritadopassaquatro.sp.gov.br\/portal\/wp-content\/uploads\/2023\/10\/WhatsApp-Image-2023-10-06-at-15.07.35.jpeg\" alt=\"\" class=\"wp-image-9491\" width=\"840\" height=\"1120\"\/><\/figure>\n\n\n\n<figure class=\"wp-block-image size-full\"><img decoding=\"async\" width=\"1200\" height=\"1600\" src=\"https:\/\/www.santaritadopassaquatro.sp.gov.br\/portal\/wp-content\/uploads\/2023\/10\/WhatsApp-Image-2023-10-06-at-15.07.34-6.jpeg\" alt=\"\" class=\"wp-image-9492\"\/><\/figure>\n\n\n\n<figure class=\"wp-block-image size-full\"><img decoding=\"async\" width=\"1200\" height=\"1600\" src=\"https:\/\/www.santaritadopassaquatro.sp.gov.br\/portal\/wp-content\/uploads\/2023\/10\/WhatsApp-Image-2023-10-06-at-15.07.34-8-1.jpeg\" alt=\"\" class=\"wp-image-9494\"\/><\/figure>\n\n\n\n<figure class=\"wp-block-image size-full\"><img decoding=\"async\" width=\"1200\" height=\"1600\" src=\"https:\/\/www.santaritadopassaquatro.sp.gov.br\/portal\/wp-content\/uploads\/2023\/10\/WhatsApp-Image-2023-10-06-at-15.07.34-7-1.jpeg\" alt=\"\" class=\"wp-image-9496\"\/><\/figure>\n\n\n\n<figure class=\"wp-block-image size-full\"><img decoding=\"async\" width=\"1200\" height=\"1600\" src=\"https:\/\/www.santaritadopassaquatro.sp.gov.br\/portal\/wp-content\/uploads\/2023\/10\/WhatsApp-Image-2023-10-06-at-15.07.34-5-1.jpeg\" alt=\"\" class=\"wp-image-9497\"\/><\/figure>\n\n\n\n<figure class=\"wp-block-image size-full\"><img decoding=\"async\" width=\"1200\" height=\"1600\" src=\"https:\/\/www.santaritadopassaquatro.sp.gov.br\/portal\/wp-content\/uploads\/2023\/10\/WhatsApp-Image-2023-10-06-at-15.07.34-4-1.jpeg\" alt=\"\" class=\"wp-image-9498\"\/><\/figure>\n","protected":false},"excerpt":{"rendered":"<p>No dia 1\u00ba de outubro \u00e9 celebrado o Dia Internacional da Terceira Idade e o Dia Nacional do Idoso.A Prefeitura<\/p>\n","protected":false},"author":1,"featured_media":9482,"comment_status":"closed","ping_status":"open","sticky":false,"template":"","format":"standard","meta":{"footnotes":""},"categories":[43],"tags":[],"class_list":["post-9476","post","type-post","status-publish","format-standard","has-post-thumbnail","hentry","category-assistenciasocial"],"_links":{"self":[{"href":"https:\/\/www.santaritadopassaquatro.sp.gov.br\/portal\/wp-json\/wp\/v2\/posts\/9476","targetHints":{"allow":["GET"]}}],"collection":[{"href":"https:\/\/www.santaritadopassaquatro.sp.gov.br\/portal\/wp-json\/wp\/v2\/posts"}],"about":[{"href":"https:\/\/www.santaritadopassaquatro.sp.gov.br\/portal\/wp-json\/wp\/v2\/types\/post"}],"author":[{"embeddable":true,"href":"https:\/\/www.santaritadopassaquatro.sp.gov.br\/portal\/wp-json\/wp\/v2\/users\/1"}],"replies":[{"embeddable":true,"href":"https:\/\/www.santaritadopassaquatro.sp.gov.br\/portal\/wp-json\/wp\/v2\/comments?post=9476"}],"version-history":[{"count":2,"href":"https:\/\/www.santaritadopassaquatro.sp.gov.br\/portal\/wp-json\/wp\/v2\/posts\/9476\/revisions"}],"predecessor-version":[{"id":9499,"href":"https:\/\/www.santaritadopassaquatro.sp.gov.br\/portal\/wp-json\/wp\/v2\/posts\/9476\/revisions\/9499"}],"wp:featuredmedia":[{"embeddable":true,"href":"https:\/\/www.santaritadopassaquatro.sp.gov.br\/portal\/wp-json\/wp\/v2\/media\/9482"}],"wp:attachment":[{"href":"https:\/\/www.santaritadopassaquatro.sp.gov.br\/portal\/wp-json\/wp\/v2\/media?parent=9476"}],"wp:term":[{"taxonomy":"category","embeddable":true,"href":"https:\/\/www.santaritadopassaquatro.sp.gov.br\/portal\/wp-json\/wp\/v2\/categories?post=9476"},{"taxonomy":"post_tag","embeddable":true,"href":"https:\/\/www.santaritadopassaquatro.sp.gov.br\/portal\/wp-json\/wp\/v2\/tags?post=9476"}],"curies":[{"name":"wp","href":"https:\/\/api.w.org\/{rel}","templated":true}]}}