{"id":952,"date":"2019-03-08T17:02:54","date_gmt":"2019-03-08T20:02:54","guid":{"rendered":"http:\/\/www.santaritadopassaquatro.sp.gov.br\/portal\/?p=952"},"modified":"2019-03-08T17:02:54","modified_gmt":"2019-03-08T20:02:54","slug":"plano-municipal-de-turismo-tera-segunda-audiencia-publica-no-proximo-dia-143-2","status":"publish","type":"post","link":"https:\/\/www.santaritadopassaquatro.sp.gov.br\/portal\/plano-municipal-de-turismo-tera-segunda-audiencia-publica-no-proximo-dia-143-2\/","title":{"rendered":"Plano Municipal de Turismo ter\u00e1 segunda Audi\u00eancia P\u00fablica no pr\u00f3ximo dia 14\/3"},"content":{"rendered":"<p><strong><em>Toda popula\u00e7\u00e3o est\u00e1 convidada para evento que acontece no Centro Cultural M\u00e1rio Covas<\/em><\/strong><\/p>\n<p><strong><em>\u00a0<\/em><\/strong><\/p>\n<figure id=\"attachment_782\" aria-describedby=\"caption-attachment-782\" style=\"width: 300px\" class=\"wp-caption alignleft\"><img decoding=\"async\" class=\"wp-image-782 size-medium\" src=\"http:\/\/www.santaritadopassaquatro.sp.gov.br\/portal\/wp-content\/uploads\/2019\/02\/IMG_8727-300x200.jpg\" alt=\"\" width=\"300\" height=\"200\" srcset=\"https:\/\/www.santaritadopassaquatro.sp.gov.br\/portal\/wp-content\/uploads\/2019\/02\/IMG_8727-300x200.jpg 300w, https:\/\/www.santaritadopassaquatro.sp.gov.br\/portal\/wp-content\/uploads\/2019\/02\/IMG_8727-768x512.jpg 768w, https:\/\/www.santaritadopassaquatro.sp.gov.br\/portal\/wp-content\/uploads\/2019\/02\/IMG_8727-1024x683.jpg 1024w\" sizes=\"(max-width: 300px) 100vw, 300px\" \/><figcaption id=\"caption-attachment-782\" class=\"wp-caption-text\"><span style=\"font-size: 8pt; color: #999999;\"><strong><em>Os presentes na Audi\u00eancia P\u00fablica do Plano Municipal de Turismo, nesta quinta-feira (14\/2), no Centro Cultural (AssCom\/Divulga\u00e7\u00e3o)<\/em><\/strong><\/span><\/figcaption><\/figure>\n<p>A popula\u00e7\u00e3o de Santa Rita do Passa Quatro ter\u00e1 mais uma oportunidade de participar da revis\u00e3o do Plano Municipal de Turismo (PMT). No pr\u00f3ximo dia 14 de mar\u00e7o, quinta-feira, acontece a 2\u00aa Audi\u00eancia P\u00fablica para apresenta\u00e7\u00e3o de resultados. O evento acontece a partir das 18h30, no Centro Cultural M\u00e1rio Covas e toda popula\u00e7\u00e3o est\u00e1 convidada.<\/p>\n<p>A primeira Audi\u00eancia P\u00fablica aconteceu tamb\u00e9m no Centro Cultural M\u00e1rio Covas, no \u00faltimo dia 14 de fevereiro, e debateu os princ\u00edpios organizacionais, escolha de segmentos, valida\u00e7\u00e3o de an\u00e1lises, entre outros.<\/p>\n<p>Os trabalhos foram coordenados pelo diretor t\u00e9cnico Carlos Tavares, da empresa Expectativa Projetos Tur\u00edsticos, de Socorro (SP), vencedora da licita\u00e7\u00e3o para esta a\u00e7\u00e3o. Com a presen\u00e7a de membros do Comtur (Conselho Municipal de Turismo), OAB, vereadores, profissionais de diversos setores ligados ao turismo, a audi\u00eancia definiu metas a serem buscadas, os setores do turismo que ser\u00e3o abordados com prioridade, investimentos, entre outros.<\/p>\n<p>As audi\u00eancias fazem parte dos conjuntos de a\u00e7\u00f5es que dar\u00e3o sequ\u00eancia ao Plano Municipal de Turismo, elaborado e finalizado entre 2015 e 2016, quando o munic\u00edpio deu um importante passo para avan\u00e7ar em um dos segmentos que mais crescem no mundo: o turismo.<\/p>\n<p>O primeiro Plano Municipal de Turismo de Santa Rita foi apresentado ao p\u00fablico em abril de 2016. O documento na \u00e9poca foi elaborado por empresa especializada para definir as a\u00e7\u00f5es a serem executadas pelo poder p\u00fablico nos pr\u00f3ximos anos. Um amplo documento foi elaborado e contou como aprova\u00e7\u00e3o no Legislativo Municipal, se tornando a Lei Municipal 3293, de 17 de maio de 2016.<\/p>\n<p>&nbsp;<\/p>\n<p>&nbsp;<\/p>\n","protected":false},"excerpt":{"rendered":"<p>Toda popula\u00e7\u00e3o est\u00e1 convidada para evento que acontece no Centro Cultural M\u00e1rio Covas \u00a0 A popula\u00e7\u00e3o de Santa Rita do<\/p>\n","protected":false},"author":1,"featured_media":782,"comment_status":"closed","ping_status":"open","sticky":false,"template":"","format":"standard","meta":{"footnotes":""},"categories":[48,52,60],"tags":[],"class_list":["post-952","post","type-post","status-publish","format-standard","has-post-thumbnail","hentry","category-featured","category-latest","category-turismo"],"_links":{"self":[{"href":"https:\/\/www.santaritadopassaquatro.sp.gov.br\/portal\/wp-json\/wp\/v2\/posts\/952","targetHints":{"allow":["GET"]}}],"collection":[{"href":"https:\/\/www.santaritadopassaquatro.sp.gov.br\/portal\/wp-json\/wp\/v2\/posts"}],"about":[{"href":"https:\/\/www.santaritadopassaquatro.sp.gov.br\/portal\/wp-json\/wp\/v2\/types\/post"}],"author":[{"embeddable":true,"href":"https:\/\/www.santaritadopassaquatro.sp.gov.br\/portal\/wp-json\/wp\/v2\/users\/1"}],"replies":[{"embeddable":true,"href":"https:\/\/www.santaritadopassaquatro.sp.gov.br\/portal\/wp-json\/wp\/v2\/comments?post=952"}],"version-history":[{"count":0,"href":"https:\/\/www.santaritadopassaquatro.sp.gov.br\/portal\/wp-json\/wp\/v2\/posts\/952\/revisions"}],"wp:featuredmedia":[{"embeddable":true,"href":"https:\/\/www.santaritadopassaquatro.sp.gov.br\/portal\/wp-json\/wp\/v2\/media\/782"}],"wp:attachment":[{"href":"https:\/\/www.santaritadopassaquatro.sp.gov.br\/portal\/wp-json\/wp\/v2\/media?parent=952"}],"wp:term":[{"taxonomy":"category","embeddable":true,"href":"https:\/\/www.santaritadopassaquatro.sp.gov.br\/portal\/wp-json\/wp\/v2\/categories?post=952"},{"taxonomy":"post_tag","embeddable":true,"href":"https:\/\/www.santaritadopassaquatro.sp.gov.br\/portal\/wp-json\/wp\/v2\/tags?post=952"}],"curies":[{"name":"wp","href":"https:\/\/api.w.org\/{rel}","templated":true}]}}