{"id":954,"date":"2019-03-08T17:12:46","date_gmt":"2019-03-08T20:12:46","guid":{"rendered":"http:\/\/www.santaritadopassaquatro.sp.gov.br\/portal\/?p=954"},"modified":"2019-03-08T17:12:46","modified_gmt":"2019-03-08T20:12:46","slug":"santacarnafolia-2019-veja-como-foi-mais-um-carnaval-da-familia-e-do-turismo-na-praca-da-estacao","status":"publish","type":"post","link":"https:\/\/www.santaritadopassaquatro.sp.gov.br\/portal\/santacarnafolia-2019-veja-como-foi-mais-um-carnaval-da-familia-e-do-turismo-na-praca-da-estacao\/","title":{"rendered":"SANTACARNAFOLIA 2019 &#8211;\u00a0Veja como foi mais um Carnaval da Fam\u00edlia e do Turismo na Pra\u00e7a da Esta\u00e7\u00e3o"},"content":{"rendered":"<p><strong><em>Promovido pelo Departamento Municipal de Turismo, evento ocorreu de s\u00e1bado \u00e0 ter\u00e7a-feira com grande participa\u00e7\u00e3o do p\u00fablico <\/em><\/strong><\/p>\n<p><strong><em>\u00a0<\/em><\/strong><\/p>\n<figure id=\"attachment_962\" aria-describedby=\"caption-attachment-962\" style=\"width: 364px\" class=\"wp-caption alignleft\"><img decoding=\"async\" class=\"wp-image-962\" src=\"http:\/\/www.santaritadopassaquatro.sp.gov.br\/portal\/wp-content\/uploads\/2019\/03\/carnaval_foto08-300x225.jpeg\" alt=\"\" width=\"364\" height=\"287\" \/><figcaption id=\"caption-attachment-962\" class=\"wp-caption-text\"><span style=\"color: #999999;\"><em><strong>Prefeito com a banda Canossiasom no palco da Pra\u00e7a da Esta\u00e7\u00e3o (Divulga\u00e7\u00e3o)<\/strong><\/em><\/span><\/figcaption><\/figure>\n<p>Mais uma vez a Pra\u00e7a Poeta M\u00e1rio Mattoso (Esta\u00e7\u00e3o), em Santa Rita do Passa Quatro, recebeu \u201cCarnaval da Fam\u00edlia e do Turismo\u201d, como ficou conhecido o evento promovido pelo Departamento de Cultura e Turismo da Prefeitura Municipal.<\/p>\n<p>O Santacarnafolia 2019 come\u00e7ou no final da tarde no s\u00e1bado (2\/3), com o resgate das tradicionais marchinhas e m\u00fasicas infantis, repert\u00f3rio que seguiu at\u00e9 por volta 19 horas, animando foli\u00f5es da cidade e regi\u00e3o. Em seguida, a festa continuou at\u00e9 as 23 horas, com os sucessos atuais nos diversos estilos carnavalescos. A programa\u00e7\u00e3o se repetiu at\u00e9 a noite de segunda-feira. Apenas na ter\u00e7a-feira, o evento terminou um pouco mais cedo, \u00e0s 22 horas.<\/p>\n<figure id=\"attachment_955\" aria-describedby=\"caption-attachment-955\" style=\"width: 392px\" class=\"wp-caption alignright\"><img decoding=\"async\" class=\"wp-image-955\" src=\"http:\/\/www.santaritadopassaquatro.sp.gov.br\/portal\/wp-content\/uploads\/2019\/03\/carnaval_foto01-300x225.jpg\" alt=\"\" width=\"392\" height=\"291\" \/><figcaption id=\"caption-attachment-955\" class=\"wp-caption-text\"><span style=\"font-size: 8pt;\"><strong><span style=\"color: #999999;\"><em>Vista a\u00e9rea da Pra\u00e7a da Esta\u00e7\u00e3o com o p\u00fablico tomando conta do recinto do Santacarnafolia 2019 (Sun7Films\/Divulga\u00e7\u00e3o)<\/em><\/span><\/strong><\/span><\/figcaption><\/figure>\n<p>A anima\u00e7\u00e3o foi banda Canossiasom e m\u00fasicos convidados, que desfilou seu repert\u00f3rio em todos os estilos, com muita alegria e anima\u00e7\u00e3o. O evento tamb\u00e9m contou com a participa\u00e7\u00e3o da Escola de Samba da Associa\u00e7\u00e3o Cultural Confraria do Samba de Santa Cruz das Palmeiras, com a presen\u00e7a dos chamados \u201cbonecos de Olinda\u201d, com personagens do S\u00edtio do Picapau Amarelo, de Monteiro Lobato, momento em que Em\u00edlia, Visconde de Sabugosa, Saci Perer\u00ea e a Cuca.<\/p>\n<p>Toda a programa\u00e7\u00e3o aconteceu com entrada ser\u00e1 gratuita e, de acordo com a organiza\u00e7\u00e3o, a pra\u00e7a recebeu mais de 5 mil pessoas por dia de evento, totalizando 20 mil foli\u00f5es, entre moradores e turistas, nos quatro dias de festa. A organiza\u00e7\u00e3o registou foli\u00f5es das cidades vizinhas e at\u00e9 mais distantes, como Porto Ferreira, S\u00e3o Carlos, Tamba\u00fa e S\u00e3o Paulo, entre outros.<\/p>\n<figure id=\"attachment_959\" aria-describedby=\"caption-attachment-959\" style=\"width: 300px\" class=\"wp-caption alignleft\"><img decoding=\"async\" class=\"wp-image-959 size-medium\" src=\"http:\/\/www.santaritadopassaquatro.sp.gov.br\/portal\/wp-content\/uploads\/2019\/03\/carnaval_foto05-300x200.jpg\" alt=\"\" width=\"300\" height=\"200\" srcset=\"https:\/\/www.santaritadopassaquatro.sp.gov.br\/portal\/wp-content\/uploads\/2019\/03\/carnaval_foto05-300x200.jpg 300w, https:\/\/www.santaritadopassaquatro.sp.gov.br\/portal\/wp-content\/uploads\/2019\/03\/carnaval_foto05-768x512.jpg 768w, https:\/\/www.santaritadopassaquatro.sp.gov.br\/portal\/wp-content\/uploads\/2019\/03\/carnaval_foto05-1024x682.jpg 1024w, https:\/\/www.santaritadopassaquatro.sp.gov.br\/portal\/wp-content\/uploads\/2019\/03\/carnaval_foto05.jpg 1976w\" sizes=\"(max-width: 300px) 100vw, 300px\" \/><figcaption id=\"caption-attachment-959\" class=\"wp-caption-text\"><span style=\"font-size: 8pt; color: #999999;\"><strong>A banda Canissiasom no palco da Pra\u00e7a da Esta\u00e7\u00e3o durante o Santacarnafolia 2019 (AssCom\/Divulga\u00e7\u00e3o)<\/strong><\/span><\/figcaption><\/figure>\n<p>Para oferecer mais conforto e seguran\u00e7a \u00e0s fam\u00edlias, foi montada uma \u00e1rea destinada \u00e0s crian\u00e7as, com espa\u00e7o reservado \u00e0 divers\u00e3o e at\u00e9 um frald\u00e1rio, para melhor atender as fam\u00edlias.<\/p>\n<p>A Pol\u00edcia Militar atuou com seu efetivo no aux\u00edlio \u00e0 seguran\u00e7a, atrav\u00e9s do Conv\u00eanio da Atividade Delegada, em parceria com a Prefeitura Municipal. Ao todo, 25 policiais atuaram no evento por dia, entre PM, incluindo servi\u00e7o de intelig\u00eancia, al\u00e9m da Pol\u00edcia Rodovi\u00e1ria. O recinto tamb\u00e9m contou com monitoramento por c\u00e2meras de seguran\u00e7a. O departamento de Sa\u00fade tamb\u00e9m esteve no local, com a presen\u00e7a inclusive da unidade do SAMU (Servi\u00e7o de Atendimento M\u00f3vel de Urg\u00eancia).<\/p>\n<figure id=\"attachment_956\" aria-describedby=\"caption-attachment-956\" style=\"width: 300px\" class=\"wp-caption alignright\"><img decoding=\"async\" class=\"wp-image-956 size-medium\" src=\"http:\/\/www.santaritadopassaquatro.sp.gov.br\/portal\/wp-content\/uploads\/2019\/03\/carnaval_foto02-300x200.jpg\" alt=\"\" width=\"300\" height=\"200\" srcset=\"https:\/\/www.santaritadopassaquatro.sp.gov.br\/portal\/wp-content\/uploads\/2019\/03\/carnaval_foto02-300x200.jpg 300w, https:\/\/www.santaritadopassaquatro.sp.gov.br\/portal\/wp-content\/uploads\/2019\/03\/carnaval_foto02-768x512.jpg 768w, https:\/\/www.santaritadopassaquatro.sp.gov.br\/portal\/wp-content\/uploads\/2019\/03\/carnaval_foto02-1024x682.jpg 1024w, https:\/\/www.santaritadopassaquatro.sp.gov.br\/portal\/wp-content\/uploads\/2019\/03\/carnaval_foto02.jpg 1976w\" sizes=\"(max-width: 300px) 100vw, 300px\" \/><figcaption id=\"caption-attachment-956\" class=\"wp-caption-text\"><span style=\"font-size: 8pt; color: #999999;\"><em>A banda que iniciou a anima\u00e7\u00e3o da folia com as tradicionais marchinhas e samba enredos dos melhores carnavais (AssCom\/Divulga\u00e7\u00e3o)<\/em><\/span><\/figcaption><\/figure>\n<p>O prefeito Leandro Luciano dos Santos participou na festa e teve a oportunidade de conferir toda a movimenta\u00e7\u00e3o.<\/p>\n<p>\u201cA Pra\u00e7a da Esta\u00e7\u00e3o estava lotada e maravilhosa. Fam\u00edlias, crian\u00e7as, muita seguran\u00e7a, banda top e exemplo de organiza\u00e7\u00e3o. Parab\u00e9ns a todos os envolvidos\u201d, disse o prefeito.<\/p>\n<figure id=\"attachment_958\" aria-describedby=\"caption-attachment-958\" style=\"width: 300px\" class=\"wp-caption alignleft\"><img decoding=\"async\" class=\"wp-image-958 size-medium\" src=\"http:\/\/www.santaritadopassaquatro.sp.gov.br\/portal\/wp-content\/uploads\/2019\/03\/carnaval_foto04-300x200.jpg\" alt=\"\" width=\"300\" height=\"200\" srcset=\"https:\/\/www.santaritadopassaquatro.sp.gov.br\/portal\/wp-content\/uploads\/2019\/03\/carnaval_foto04-300x200.jpg 300w, https:\/\/www.santaritadopassaquatro.sp.gov.br\/portal\/wp-content\/uploads\/2019\/03\/carnaval_foto04-768x512.jpg 768w, https:\/\/www.santaritadopassaquatro.sp.gov.br\/portal\/wp-content\/uploads\/2019\/03\/carnaval_foto04-1024x682.jpg 1024w, https:\/\/www.santaritadopassaquatro.sp.gov.br\/portal\/wp-content\/uploads\/2019\/03\/carnaval_foto04.jpg 1976w\" sizes=\"(max-width: 300px) 100vw, 300px\" \/><figcaption id=\"caption-attachment-958\" class=\"wp-caption-text\"><span style=\"font-size: 8pt; color: #999999;\"><em><strong>Personagens de Monteiro Lobato em gigantes bonecos de Olinda junto com a Escola da Associa\u00e7\u00e3o Cultural Confraria do Samba\u00a0 (AssCom\/Divulga\u00e7\u00e3o)<\/strong><\/em><\/span><\/figcaption><\/figure>\n<p>Para o Setor de Turismo, a realiza\u00e7\u00e3o do Santacarnafolia 2019, al\u00e9m de oferecer entretenimento gratuito \u00e0 popula\u00e7\u00e3o, tamb\u00e9m estimula toda a cadeia produtiva do turismo, j\u00e1 que o evento, ao longo dos anos vem ganhando destaque em toda a regi\u00e3o, colaborando com o desenvolvimento econ\u00f4mico do munic\u00edpio. A programa\u00e7\u00e3o do tamb\u00e9m buscou a sintonia com a realiza\u00e7\u00e3o de eventos pela iniciativa privada, com objetivo de criar mais op\u00e7\u00f5es para a popula\u00e7\u00e3o e turistas. O evento #De Volta Atr\u00e1s do Trio trouxe, al\u00e9m do trio el\u00e9trico, um baile de m\u00e1scaras e blocos e parte da renda revertida \u00e0 Santa Casa local.<\/p>\n<p><img decoding=\"async\" class=\"alignnone  wp-image-966\" src=\"http:\/\/www.santaritadopassaquatro.sp.gov.br\/portal\/wp-content\/uploads\/2019\/03\/carnaval_foto12-300x225.jpeg\" alt=\"\" width=\"376\" height=\"285\" \/><img decoding=\"async\" class=\"wp-image-961 alignright\" src=\"http:\/\/www.santaritadopassaquatro.sp.gov.br\/portal\/wp-content\/uploads\/2019\/03\/carnaval_foto07-300x200.jpg\" alt=\"\" width=\"410\" height=\"275\" \/><\/p>\n<p><img decoding=\"async\" class=\"alignnone  wp-image-965\" src=\"http:\/\/www.santaritadopassaquatro.sp.gov.br\/portal\/wp-content\/uploads\/2019\/03\/carnaval_foto11-300x169.jpeg\" alt=\"\" width=\"375\" height=\"211\" srcset=\"https:\/\/www.santaritadopassaquatro.sp.gov.br\/portal\/wp-content\/uploads\/2019\/03\/carnaval_foto11-300x169.jpeg 300w, https:\/\/www.santaritadopassaquatro.sp.gov.br\/portal\/wp-content\/uploads\/2019\/03\/carnaval_foto11-768x432.jpeg 768w, https:\/\/www.santaritadopassaquatro.sp.gov.br\/portal\/wp-content\/uploads\/2019\/03\/carnaval_foto11-1024x576.jpeg 1024w, https:\/\/www.santaritadopassaquatro.sp.gov.br\/portal\/wp-content\/uploads\/2019\/03\/carnaval_foto11.jpeg 1280w\" sizes=\"(max-width: 375px) 100vw, 375px\" \/><img decoding=\"async\" class=\"wp-image-964 alignright\" src=\"http:\/\/www.santaritadopassaquatro.sp.gov.br\/portal\/wp-content\/uploads\/2019\/03\/carnaval_foto10-300x225.jpeg\" alt=\"\" width=\"401\" height=\"302\" srcset=\"https:\/\/www.santaritadopassaquatro.sp.gov.br\/portal\/wp-content\/uploads\/2019\/03\/carnaval_foto10-300x225.jpeg 300w, https:\/\/www.santaritadopassaquatro.sp.gov.br\/portal\/wp-content\/uploads\/2019\/03\/carnaval_foto10-768x576.jpeg 768w, https:\/\/www.santaritadopassaquatro.sp.gov.br\/portal\/wp-content\/uploads\/2019\/03\/carnaval_foto10-1024x768.jpeg 1024w, https:\/\/www.santaritadopassaquatro.sp.gov.br\/portal\/wp-content\/uploads\/2019\/03\/carnaval_foto10.jpeg 1032w\" sizes=\"(max-width: 401px) 100vw, 401px\" \/><\/p>\n<p><strong>\u00a0<\/strong><\/p>\n<p><img decoding=\"async\" class=\"wp-image-963 alignleft\" src=\"http:\/\/www.santaritadopassaquatro.sp.gov.br\/portal\/wp-content\/uploads\/2019\/03\/carnaval_foto09-300x225.jpeg\" alt=\"\" width=\"351\" height=\"263\" srcset=\"https:\/\/www.santaritadopassaquatro.sp.gov.br\/portal\/wp-content\/uploads\/2019\/03\/carnaval_foto09-300x225.jpeg 300w, https:\/\/www.santaritadopassaquatro.sp.gov.br\/portal\/wp-content\/uploads\/2019\/03\/carnaval_foto09-768x576.jpeg 768w, https:\/\/www.santaritadopassaquatro.sp.gov.br\/portal\/wp-content\/uploads\/2019\/03\/carnaval_foto09-1024x768.jpeg 1024w, https:\/\/www.santaritadopassaquatro.sp.gov.br\/portal\/wp-content\/uploads\/2019\/03\/carnaval_foto09.jpeg 1032w\" sizes=\"(max-width: 351px) 100vw, 351px\" \/><\/p>\n<p>&nbsp;<\/p>\n<p>&nbsp;<\/p>\n<p>&nbsp;<\/p>\n<p><em>\u00a0<\/em><\/p>\n<p><img decoding=\"async\" class=\" wp-image-957 alignright\" src=\"http:\/\/www.santaritadopassaquatro.sp.gov.br\/portal\/wp-content\/uploads\/2019\/03\/carnaval_foto03-300x200.jpg\" alt=\"\" width=\"393\" height=\"262\" srcset=\"https:\/\/www.santaritadopassaquatro.sp.gov.br\/portal\/wp-content\/uploads\/2019\/03\/carnaval_foto03-300x200.jpg 300w, https:\/\/www.santaritadopassaquatro.sp.gov.br\/portal\/wp-content\/uploads\/2019\/03\/carnaval_foto03-768x512.jpg 768w, https:\/\/www.santaritadopassaquatro.sp.gov.br\/portal\/wp-content\/uploads\/2019\/03\/carnaval_foto03-1024x682.jpg 1024w, https:\/\/www.santaritadopassaquatro.sp.gov.br\/portal\/wp-content\/uploads\/2019\/03\/carnaval_foto03.jpg 1976w\" sizes=\"(max-width: 393px) 100vw, 393px\" \/><\/p>\n<p>&nbsp;<\/p>\n<p>&nbsp;<\/p>\n<p>&nbsp;<\/p>\n","protected":false},"excerpt":{"rendered":"<p>Promovido pelo Departamento Municipal de Turismo, evento ocorreu de s\u00e1bado \u00e0 ter\u00e7a-feira com grande participa\u00e7\u00e3o do p\u00fablico \u00a0 Mais uma<\/p>\n","protected":false},"author":1,"featured_media":962,"comment_status":"closed","ping_status":"open","sticky":false,"template":"","format":"standard","meta":{"footnotes":""},"categories":[48,52,60],"tags":[],"class_list":["post-954","post","type-post","status-publish","format-standard","has-post-thumbnail","hentry","category-featured","category-latest","category-turismo"],"_links":{"self":[{"href":"https:\/\/www.santaritadopassaquatro.sp.gov.br\/portal\/wp-json\/wp\/v2\/posts\/954","targetHints":{"allow":["GET"]}}],"collection":[{"href":"https:\/\/www.santaritadopassaquatro.sp.gov.br\/portal\/wp-json\/wp\/v2\/posts"}],"about":[{"href":"https:\/\/www.santaritadopassaquatro.sp.gov.br\/portal\/wp-json\/wp\/v2\/types\/post"}],"author":[{"embeddable":true,"href":"https:\/\/www.santaritadopassaquatro.sp.gov.br\/portal\/wp-json\/wp\/v2\/users\/1"}],"replies":[{"embeddable":true,"href":"https:\/\/www.santaritadopassaquatro.sp.gov.br\/portal\/wp-json\/wp\/v2\/comments?post=954"}],"version-history":[{"count":0,"href":"https:\/\/www.santaritadopassaquatro.sp.gov.br\/portal\/wp-json\/wp\/v2\/posts\/954\/revisions"}],"wp:featuredmedia":[{"embeddable":true,"href":"https:\/\/www.santaritadopassaquatro.sp.gov.br\/portal\/wp-json\/wp\/v2\/media\/962"}],"wp:attachment":[{"href":"https:\/\/www.santaritadopassaquatro.sp.gov.br\/portal\/wp-json\/wp\/v2\/media?parent=954"}],"wp:term":[{"taxonomy":"category","embeddable":true,"href":"https:\/\/www.santaritadopassaquatro.sp.gov.br\/portal\/wp-json\/wp\/v2\/categories?post=954"},{"taxonomy":"post_tag","embeddable":true,"href":"https:\/\/www.santaritadopassaquatro.sp.gov.br\/portal\/wp-json\/wp\/v2\/tags?post=954"}],"curies":[{"name":"wp","href":"https:\/\/api.w.org\/{rel}","templated":true}]}}