{"id":9664,"date":"2023-12-01T13:15:26","date_gmt":"2023-12-01T16:15:26","guid":{"rendered":"http:\/\/www.santaritadopassaquatro.sp.gov.br\/portal\/?p=9664"},"modified":"2023-12-01T13:17:47","modified_gmt":"2023-12-01T16:17:47","slug":"programacao-natal-esperanca-2023","status":"publish","type":"post","link":"https:\/\/www.santaritadopassaquatro.sp.gov.br\/portal\/programacao-natal-esperanca-2023\/","title":{"rendered":"\ud83c\udf84PROGRAMA\u00c7\u00c3O NATAL ESPERAN\u00c7A 2023"},"content":{"rendered":"\n<p>\ud83c\udf86<strong>ABERTURA DA VILA DO NOEL COM APRESENTA\u00c7\u00d5ES ART\u00cdSTICAS E CHEGADA DO PAPAI NOEL<\/strong><br>LOCAL: PAVILH\u00c3O CULTURAL DR. EDUARDO LOUZADA ROCHA<br>Dia 06 \u2013 Quarta-feira<br>19h30 \u2013 Emei Galdina Lima Segatto<br>20h00 \u2013 Emef. Francisco Ribeiro<\/p>\n\n\n\n<p>\u2603\ufe0f<strong>VISITA\u00c7\u00c3O VILA DO NOEL 06 a 23\/12 de segunda \u00e0 s\u00e1bado \u2013 das 19h00 \u00e0s 22h00 e aos Domingos \u2013 das 16h00 \u00e0s 20h00<\/strong><\/p>\n\n\n\n<p>\ud83c\udf1f<strong>PROGRAMA\u00c7\u00c3O NA PRA\u00c7A VOLUNT\u00c1RIO SILVANO (ROS\u00c1RIO)<\/strong><\/p>\n\n\n\n<p><strong>06\/12 \u2013 QUARTA-FEIRA<\/strong><br>20h30 \u2013 Banda Musical Zequinha de Abreu<\/p>\n\n\n\n<p><strong>07\/12 \u2013 QUINTA-FEIRA<\/strong><br>19h30 \u2013 Emei Jo\u00e3o Baptista Rodrigues Ribaldo<br>20h00 \u2013 Igor Martins R\u00fastico e Semi-ac\u00fastico<\/p>\n\n\n\n<p><strong>08\/12 \u2013 SEXTA-FEIRA<\/strong><br>20h00 \u2013 PARADA DE NATAL<br>Subida na Avenida Severino Meirelles e apresenta\u00e7\u00f5es de palco<\/p>\n\n\n\n<p><strong>09\/12 \u2013 S\u00c1BADO<\/strong><br>20h00 \u2013 PARADA DE NATAL<br>Subida na Avenida Severino Meirelles e apresenta\u00e7\u00f5es de palco<\/p>\n\n\n\n<p><strong>11\/12 \u2013 SEGUNDA-FEIRA<\/strong><br>19h30 \u2013 Vida e Voz<br>20h30 \u2013 Banda Metan\u00f3ia<\/p>\n\n\n\n<p><strong>12\/12 \u2013 TER\u00c7A-FEIRA<\/strong><br>19h30 \u2013 Conservat\u00f3rio Zequinha de Abreu<br>20h30 \u2013 Banda Medusa<\/p>\n\n\n\n<p><strong>13\/12 \u2013 QUARTA-FEIRA<\/strong><br>19h30 \u2013 Recital Casa da Banda \u201cProf. Oct\u00e1vio Bueno de Camargo\u201d<\/p>\n\n\n\n<p><strong>14\/12 \u2013 QUINTA-FEIRA<\/strong><br>19h30 \u2013 Creche Prof. R\u00f4mulo Bortolini<br>20h30 \u2013 Nane Fadel<\/p>\n\n\n\n<p><strong>15\/12 \u2013 SEXTA-FEIRA<\/strong><br>19h30 \u2013 Folia de Reis \u201cPr\u00edncipe da Paz\u201d<br>20h30 \u2013 Grupo SRP4<\/p>\n\n\n\n<p><strong>16\/12 \u2013 S\u00c1BADO<\/strong><br>11h00 \u2013 Banda Red Tapes (Feira do Produtor)<br>20h30 \u2013 Orquestra Sinf\u00f4nica Paulista S\u00e3o Carlos<\/p>\n\n\n\n<p><strong>18\/12 \u2013 SEGUNDA-FEIRA<\/strong><br>19h30 \u2013 Rog\u00e9rio Bergo \u2013 Sax Instrumental participa\u00e7\u00e3o especial Igor Martins<br>20h30 \u2013 Guto Mello<\/p>\n\n\n\n<p><strong>19\/12 \u2013 TER\u00c7A-FEIRA<\/strong><br>19h30 \u2013 Banda G&amp;M7<\/p>\n\n\n\n<p><strong>20\/12 \u2013 QUARTA-FEIRA<\/strong><br>19h30 \u2013 Maur\u00edcio Nery<br>20h30 \u2013 Rafa Menon &amp; Douglas Nacca<\/p>\n\n\n\n<p><strong>21\/12 \u2013 QUINTA-FEIRA<\/strong><br>19h30 \u2013 Adolescentes MEVEC<br>20h30 \u2013 Let\u00edcia Arantes<\/p>\n\n\n\n<p><strong>22\/12 \u2013 SEXTA-FEIRA<\/strong><br>19h30 \u2013 Banda LPJ<br>20h30 \u2013 Banda Gorllami<\/p>\n\n\n\n<p><strong>23\/12 \u2013 S\u00c1BADO<\/strong><br>11h00 \u2013 Banda Helter Skelter (Feira do Produtor)<br>19h30 \u2013 Sururu na Cidade<br>21h00 \u2013 Doce Palavra &amp; Convidados<\/p>\n","protected":false},"excerpt":{"rendered":"<p>\ud83c\udf86ABERTURA DA VILA DO NOEL COM APRESENTA\u00c7\u00d5ES ART\u00cdSTICAS E CHEGADA DO PAPAI NOELLOCAL: PAVILH\u00c3O CULTURAL DR. EDUARDO LOUZADA ROCHADia 06<\/p>\n","protected":false},"author":1,"featured_media":9665,"comment_status":"closed","ping_status":"open","sticky":false,"template":"","format":"standard","meta":{"footnotes":""},"categories":[48],"tags":[],"class_list":["post-9664","post","type-post","status-publish","format-standard","has-post-thumbnail","hentry","category-featured"],"_links":{"self":[{"href":"https:\/\/www.santaritadopassaquatro.sp.gov.br\/portal\/wp-json\/wp\/v2\/posts\/9664","targetHints":{"allow":["GET"]}}],"collection":[{"href":"https:\/\/www.santaritadopassaquatro.sp.gov.br\/portal\/wp-json\/wp\/v2\/posts"}],"about":[{"href":"https:\/\/www.santaritadopassaquatro.sp.gov.br\/portal\/wp-json\/wp\/v2\/types\/post"}],"author":[{"embeddable":true,"href":"https:\/\/www.santaritadopassaquatro.sp.gov.br\/portal\/wp-json\/wp\/v2\/users\/1"}],"replies":[{"embeddable":true,"href":"https:\/\/www.santaritadopassaquatro.sp.gov.br\/portal\/wp-json\/wp\/v2\/comments?post=9664"}],"version-history":[{"count":3,"href":"https:\/\/www.santaritadopassaquatro.sp.gov.br\/portal\/wp-json\/wp\/v2\/posts\/9664\/revisions"}],"predecessor-version":[{"id":9668,"href":"https:\/\/www.santaritadopassaquatro.sp.gov.br\/portal\/wp-json\/wp\/v2\/posts\/9664\/revisions\/9668"}],"wp:featuredmedia":[{"embeddable":true,"href":"https:\/\/www.santaritadopassaquatro.sp.gov.br\/portal\/wp-json\/wp\/v2\/media\/9665"}],"wp:attachment":[{"href":"https:\/\/www.santaritadopassaquatro.sp.gov.br\/portal\/wp-json\/wp\/v2\/media?parent=9664"}],"wp:term":[{"taxonomy":"category","embeddable":true,"href":"https:\/\/www.santaritadopassaquatro.sp.gov.br\/portal\/wp-json\/wp\/v2\/categories?post=9664"},{"taxonomy":"post_tag","embeddable":true,"href":"https:\/\/www.santaritadopassaquatro.sp.gov.br\/portal\/wp-json\/wp\/v2\/tags?post=9664"}],"curies":[{"name":"wp","href":"https:\/\/api.w.org\/{rel}","templated":true}]}}