{"id":968,"date":"2019-03-08T17:16:06","date_gmt":"2019-03-08T20:16:06","guid":{"rendered":"http:\/\/www.santaritadopassaquatro.sp.gov.br\/portal\/?p=968"},"modified":"2019-03-08T17:16:06","modified_gmt":"2019-03-08T20:16:06","slug":"em-semana-curta-recapeamento-chega-as-ruas-do-bairro-jardim-e-jardim-sao-vicente","status":"publish","type":"post","link":"https:\/\/www.santaritadopassaquatro.sp.gov.br\/portal\/em-semana-curta-recapeamento-chega-as-ruas-do-bairro-jardim-e-jardim-sao-vicente\/","title":{"rendered":"Em semana curta, recapeamento chega \u00e0s ruas do Bairro Jardim e Jardim S\u00e3o Vicente"},"content":{"rendered":"<p><strong><em>Com recursos dos governos estadual e federal, o maior programa de recupera\u00e7\u00e3o de vias p\u00fablicas ir\u00e1 atender mais bairros nas pr\u00f3ximas semanas<\/em><\/strong><\/p>\n<p>&nbsp;<\/p>\n<figure id=\"attachment_971\" aria-describedby=\"caption-attachment-971\" style=\"width: 332px\" class=\"wp-caption alignleft\"><img decoding=\"async\" class=\"wp-image-971 \" src=\"http:\/\/www.santaritadopassaquatro.sp.gov.br\/portal\/wp-content\/uploads\/2019\/03\/recape_foto03_obrtas-300x200.jpg\" alt=\"\" width=\"332\" height=\"227\" \/><figcaption id=\"caption-attachment-971\" class=\"wp-caption-text\"><span style=\"font-size: 8pt; color: #999999;\"><strong><em>O prefeito com a equipe da DGB em mais etapa do maior programa de recapeamento da hist\u00f3ria de Santa Rita (AssCom\/Divulga\u00e7\u00e3o)<\/em><\/strong><\/span><\/figcaption><\/figure>\n<p>Mesmo com o Carnaval, o recapeamento de ruas em Santa Rita do Passa Quatro continua. Esta semana, mesmo sendo mais curta, os trabalhos chegaram \u00e0s ruas de mais dois bairros. Ap\u00f3s passar por ruas de Botafogo, Cinel\u00e2ndia, Vila Moda e Jardim Am\u00e9rica, o programa de recupera\u00e7\u00e3o de vias p\u00fablicas, que pode ser considerado o maior j\u00e1 realizado para na cidade, chegou ao Bairro Jardim e Jardim S\u00e3o Vicente.<\/p>\n<p>Com objetivo de proporcionar mais conforto e seguran\u00e7a para a popula\u00e7\u00e3o, foram recapeadas trechos mais danificados das avenidas M\u00e1rio Eul\u00e1lio, M\u00e1rio Fadel, ruas Salvador Gusman e Jo\u00e3o Michelan, entre outras.<\/p>\n<figure id=\"attachment_972\" aria-describedby=\"caption-attachment-972\" style=\"width: 300px\" class=\"wp-caption alignright\"><img decoding=\"async\" class=\"wp-image-972 size-medium\" src=\"http:\/\/www.santaritadopassaquatro.sp.gov.br\/portal\/wp-content\/uploads\/2019\/03\/recape_foto04_obrtas-300x200.jpg\" alt=\"\" width=\"300\" height=\"200\" srcset=\"https:\/\/www.santaritadopassaquatro.sp.gov.br\/portal\/wp-content\/uploads\/2019\/03\/recape_foto04_obrtas-300x200.jpg 300w, https:\/\/www.santaritadopassaquatro.sp.gov.br\/portal\/wp-content\/uploads\/2019\/03\/recape_foto04_obrtas-768x512.jpg 768w, https:\/\/www.santaritadopassaquatro.sp.gov.br\/portal\/wp-content\/uploads\/2019\/03\/recape_foto04_obrtas-1024x682.jpg 1024w, https:\/\/www.santaritadopassaquatro.sp.gov.br\/portal\/wp-content\/uploads\/2019\/03\/recape_foto04_obrtas.jpg 1976w\" sizes=\"(max-width: 300px) 100vw, 300px\" \/><figcaption id=\"caption-attachment-972\" class=\"wp-caption-text\"><span style=\"font-size: 8pt; color: #999999;\"><strong><em>Ruas dos bairros Jardim e Jardim S\u00e3o Vicente recebendo as obras durante esta semana (AssCom\/Divulga\u00e7\u00e3o)<\/em><\/strong><\/span><\/figcaption><\/figure>\n<p>Al\u00e9m desses, outros bairros ser\u00e3o beneficiados nas pr\u00f3ximas semanas e nesta etapa do programa est\u00e3o sendo investidos R$ 2,3 milh\u00f5es em recursos dos governos Federal e Estadual, conquistados pelo prefeito Leandro Luciano dos Santos, atrav\u00e9s do deputado Federal Carlos Sampaio, que est\u00e1 sempre em busca de recursos para investimento em infraestrutura no munic\u00edpio.<\/p>\n<p>O recapeamento est\u00e1 sendo realizada pela DGB Engenharia e Constru\u00e7\u00f5es Ltda., da cidade de Ribeir\u00e3o Preto, empresa vencedora da licita\u00e7\u00e3o para a realiza\u00e7\u00e3o do projeto.<\/p>\n<p>Iniciado em 2016, o programa de recupera\u00e7\u00e3o de vias p\u00fablicas j\u00e1 investiu quase R$ 6 milh\u00f5es em recapeamento de ruas. Para o segundo semestre, mais R$ 1,1 milh\u00e3o j\u00e1 foi aprovado, para dar continuidade ao projeto.<\/p>\n<figure id=\"attachment_969\" aria-describedby=\"caption-attachment-969\" style=\"width: 605px\" class=\"wp-caption aligncenter\"><img decoding=\"async\" class=\"wp-image-969\" src=\"http:\/\/www.santaritadopassaquatro.sp.gov.br\/portal\/wp-content\/uploads\/2019\/03\/recape_foto01_antes_depois-300x106.jpg\" alt=\"\" width=\"605\" height=\"243\" \/><figcaption id=\"caption-attachment-969\" class=\"wp-caption-text\"><span style=\"font-size: 8pt; color: #999999;\"><em><strong>A rua Salvador Gusman, no Jardim S\u00e3o Vicente, antes e depois do recapeamento (AssCom\/Divulga\u00e7\u00e3o)<\/strong><\/em><\/span><\/figcaption><\/figure>\n<p>&nbsp;<\/p>\n<p>&nbsp;<\/p>\n","protected":false},"excerpt":{"rendered":"<p>Com recursos dos governos estadual e federal, o maior programa de recupera\u00e7\u00e3o de vias p\u00fablicas ir\u00e1 atender mais bairros nas<\/p>\n","protected":false},"author":1,"featured_media":972,"comment_status":"closed","ping_status":"open","sticky":false,"template":"","format":"standard","meta":{"footnotes":""},"categories":[48,52,55],"tags":[],"class_list":["post-968","post","type-post","status-publish","format-standard","has-post-thumbnail","hentry","category-featured","category-latest","category-obras"],"_links":{"self":[{"href":"https:\/\/www.santaritadopassaquatro.sp.gov.br\/portal\/wp-json\/wp\/v2\/posts\/968","targetHints":{"allow":["GET"]}}],"collection":[{"href":"https:\/\/www.santaritadopassaquatro.sp.gov.br\/portal\/wp-json\/wp\/v2\/posts"}],"about":[{"href":"https:\/\/www.santaritadopassaquatro.sp.gov.br\/portal\/wp-json\/wp\/v2\/types\/post"}],"author":[{"embeddable":true,"href":"https:\/\/www.santaritadopassaquatro.sp.gov.br\/portal\/wp-json\/wp\/v2\/users\/1"}],"replies":[{"embeddable":true,"href":"https:\/\/www.santaritadopassaquatro.sp.gov.br\/portal\/wp-json\/wp\/v2\/comments?post=968"}],"version-history":[{"count":0,"href":"https:\/\/www.santaritadopassaquatro.sp.gov.br\/portal\/wp-json\/wp\/v2\/posts\/968\/revisions"}],"wp:featuredmedia":[{"embeddable":true,"href":"https:\/\/www.santaritadopassaquatro.sp.gov.br\/portal\/wp-json\/wp\/v2\/media\/972"}],"wp:attachment":[{"href":"https:\/\/www.santaritadopassaquatro.sp.gov.br\/portal\/wp-json\/wp\/v2\/media?parent=968"}],"wp:term":[{"taxonomy":"category","embeddable":true,"href":"https:\/\/www.santaritadopassaquatro.sp.gov.br\/portal\/wp-json\/wp\/v2\/categories?post=968"},{"taxonomy":"post_tag","embeddable":true,"href":"https:\/\/www.santaritadopassaquatro.sp.gov.br\/portal\/wp-json\/wp\/v2\/tags?post=968"}],"curies":[{"name":"wp","href":"https:\/\/api.w.org\/{rel}","templated":true}]}}