{"id":9688,"date":"2023-12-06T11:17:23","date_gmt":"2023-12-06T14:17:23","guid":{"rendered":"http:\/\/www.santaritadopassaquatro.sp.gov.br\/portal\/?p=9688"},"modified":"2023-12-06T11:17:25","modified_gmt":"2023-12-06T14:17:25","slug":"ata-de-reuniao-da-comissao-de-selecao-referente-a-analise-do-merito-cultural-das-propostas-do-edital-de-chamamento-publico-no-005-2023-apoio-a-projetos-culturais-de-audiovisual","status":"publish","type":"post","link":"https:\/\/www.santaritadopassaquatro.sp.gov.br\/portal\/ata-de-reuniao-da-comissao-de-selecao-referente-a-analise-do-merito-cultural-das-propostas-do-edital-de-chamamento-publico-no-005-2023-apoio-a-projetos-culturais-de-audiovisual\/","title":{"rendered":"ATA DE REUNI\u00c3O DA COMISS\u00c3O DE SELE\u00c7\u00c3O REFERENTE \u00c0 AN\u00c1LISE DO M\u00c9RITO CULTURAL DAS PROPOSTAS DO EDITAL DE CHAMAMENTO P\u00daBLICO N\u00ba 005\/2023 APOIO A PROJETOS CULTURAIS DE AUDIOVISUAL"},"content":{"rendered":"\n<p>EDITAL DE SELE\u00c7\u00c3O DE PROJETOS PARA FIRMAR TERMO DE EXECU\u00c7\u00c3O CULTURAL COM RECURSOS DA LEI COMPLEMENTAR 195\/2022 (LEI PAULO GUSTAVO) &#8211; AUDIOVISUAL<\/p>\n\n\n\n<p>Aos cinco dias do m\u00eas de dezembro de dois mil e vinte e tr\u00eas, se reuniram, por meio de videoconfer\u00eancia, os membros da Comiss\u00e3o de Sele\u00e7\u00e3o Adriana Scanavez dos Santos, Ivan Montanari Lima e Kaian N\u00f3brega Maryssael Ciasca, para a finaliza\u00e7\u00e3o do processo de avalia\u00e7\u00e3o dos projetos relativos ao<br>EDITAL DE CHAMAMENTO P\u00daBLICO N\u00ba 005\/2023 APOIO A PROJETOS CULTURAIS DE AUDIOVISUAL do munic\u00edpio de Santa Rita do Passa Quatro\/SP.<\/p>\n\n\n\n<p>No total foram analisados 14 projetos divididos entre as categorias e modalidades constantes nos itens 1.5 e 1.6 do Edital, considerando que o projeto &#8220;Cria\u00e7\u00e3o de figurino para Audiovisual: Teoria e Pr\u00e1tica&#8221; da proponente Daniela de Paula Ruano foi reenquadrado do EDITAL DE CHAMAMENTO<br>P\u00daBLICO N\u00ba 006\/2023 A\u00c7\u00d5ES CULTURAIS E RECONHECIMENTO DE TRAJET\u00d3RIAS CULTURAIS para este Edital.<\/p>\n\n\n\n<p>A Comiss\u00e3o decidiu reenquadrar o projeto &#8220;Desenhando Zequinha de Abreu e o Tico-tico&#8221; da proponente Rita de Cassia La Pastina Camargo para o EDITAL DE CHAMAMENTO P\u00daBLICO N\u00ba 006\/2023 A\u00c7\u00d5ES CULTURAIS E RECONHECIMENTO DE TRAJET\u00d3RIAS CULTURAIS, para condizer com o objeto<br>do edital.<\/p>\n\n\n\n<p>Ap\u00f3s an\u00e1lise realizada a partir dos crit\u00e9rios e pontua\u00e7\u00f5es constantes no item 9 do Edital, a comiss\u00e3o de sele\u00e7\u00e3o chegou ao resultado da fase de an\u00e1lise de m\u00e9rito cultural, conforme tabela abaixo:<\/p>\n\n\n\n<div data-wp-interactive=\"core\/file\" class=\"wp-block-file\"><object data-wp-bind--hidden=\"!state.hasPdfPreview\" hidden class=\"wp-block-file__embed\" data=\"http:\/\/www.santaritadopassaquatro.sp.gov.br\/portal\/wp-content\/uploads\/2023\/12\/Santa-Rita-LPG-ATA-DE-REUNIAO-DA-COMISSAO-AUDIOVISUAL.pdf\" type=\"application\/pdf\" style=\"width:100%;height:600px\" aria-label=\"Incorporado de Santa-Rita-LPG-ATA-DE-REUNIAO-DA-COMISSAO-AUDIOVISUAL.\"><\/object><a id=\"wp-block-file--media-c6df75ed-4a39-41b5-ac35-fcd6533fc130\" href=\"http:\/\/www.santaritadopassaquatro.sp.gov.br\/portal\/wp-content\/uploads\/2023\/12\/Santa-Rita-LPG-ATA-DE-REUNIAO-DA-COMISSAO-AUDIOVISUAL.pdf\">Santa-Rita-LPG-ATA-DE-REUNIAO-DA-COMISSAO-AUDIOVISUAL<\/a><a href=\"http:\/\/www.santaritadopassaquatro.sp.gov.br\/portal\/wp-content\/uploads\/2023\/12\/Santa-Rita-LPG-ATA-DE-REUNIAO-DA-COMISSAO-AUDIOVISUAL.pdf\" class=\"wp-block-file__button wp-element-button\" download aria-describedby=\"wp-block-file--media-c6df75ed-4a39-41b5-ac35-fcd6533fc130\">Baixar<\/a><\/div>\n","protected":false},"excerpt":{"rendered":"<p>EDITAL DE SELE\u00c7\u00c3O DE PROJETOS PARA FIRMAR TERMO DE EXECU\u00c7\u00c3O CULTURAL COM RECURSOS DA LEI COMPLEMENTAR 195\/2022 (LEI PAULO GUSTAVO)<\/p>\n","protected":false},"author":1,"featured_media":0,"comment_status":"closed","ping_status":"open","sticky":false,"template":"","format":"standard","meta":{"footnotes":""},"categories":[153],"tags":[],"class_list":["post-9688","post","type-post","status-publish","format-standard","hentry","category-paulo-gustavo"],"_links":{"self":[{"href":"https:\/\/www.santaritadopassaquatro.sp.gov.br\/portal\/wp-json\/wp\/v2\/posts\/9688","targetHints":{"allow":["GET"]}}],"collection":[{"href":"https:\/\/www.santaritadopassaquatro.sp.gov.br\/portal\/wp-json\/wp\/v2\/posts"}],"about":[{"href":"https:\/\/www.santaritadopassaquatro.sp.gov.br\/portal\/wp-json\/wp\/v2\/types\/post"}],"author":[{"embeddable":true,"href":"https:\/\/www.santaritadopassaquatro.sp.gov.br\/portal\/wp-json\/wp\/v2\/users\/1"}],"replies":[{"embeddable":true,"href":"https:\/\/www.santaritadopassaquatro.sp.gov.br\/portal\/wp-json\/wp\/v2\/comments?post=9688"}],"version-history":[{"count":1,"href":"https:\/\/www.santaritadopassaquatro.sp.gov.br\/portal\/wp-json\/wp\/v2\/posts\/9688\/revisions"}],"predecessor-version":[{"id":9689,"href":"https:\/\/www.santaritadopassaquatro.sp.gov.br\/portal\/wp-json\/wp\/v2\/posts\/9688\/revisions\/9689"}],"wp:attachment":[{"href":"https:\/\/www.santaritadopassaquatro.sp.gov.br\/portal\/wp-json\/wp\/v2\/media?parent=9688"}],"wp:term":[{"taxonomy":"category","embeddable":true,"href":"https:\/\/www.santaritadopassaquatro.sp.gov.br\/portal\/wp-json\/wp\/v2\/categories?post=9688"},{"taxonomy":"post_tag","embeddable":true,"href":"https:\/\/www.santaritadopassaquatro.sp.gov.br\/portal\/wp-json\/wp\/v2\/tags?post=9688"}],"curies":[{"name":"wp","href":"https:\/\/api.w.org\/{rel}","templated":true}]}}