{"id":9709,"date":"2023-12-14T08:16:18","date_gmt":"2023-12-14T11:16:18","guid":{"rendered":"http:\/\/www.santaritadopassaquatro.sp.gov.br\/portal\/?p=9709"},"modified":"2023-12-15T08:17:28","modified_gmt":"2023-12-15T11:17:28","slug":"ata-de-reuniao-da-comissao-de-selecao-referente-a-apreciacao-dos-recursos-da-fase-de-analise-de-merito-cultural-das-das-propostas-do-edital-de-chamamento-publico-no-005-2023-apoio-a-projetos-cul","status":"publish","type":"post","link":"https:\/\/www.santaritadopassaquatro.sp.gov.br\/portal\/ata-de-reuniao-da-comissao-de-selecao-referente-a-apreciacao-dos-recursos-da-fase-de-analise-de-merito-cultural-das-das-propostas-do-edital-de-chamamento-publico-no-005-2023-apoio-a-projetos-cul\/","title":{"rendered":"<strong>ATA DE REUNI\u00c3O DA COMISS\u00c3O DE SELE\u00c7\u00c3O REFERENTE \u00c0 APRECIA\u00c7\u00c3O DOS RECURSOS DA FASE DE AN\u00c1LISE DE M\u00c9RITO CULTURAL DAS&nbsp; DAS PROPOSTAS DO EDITAL DE CHAMAMENTO P\u00daBLICO N\u00ba 005\/2023 APOIO A PROJETOS CULTURAIS DE AUDIOVISUAL&nbsp;<\/strong>"},"content":{"rendered":"\n<p><strong>EDITAL DE SELE\u00c7\u00c3O DE PROJETOS PARA FIRMAR TERMO DE EXECU\u00c7\u00c3O CULTURAL COM RECURSOS DA LEI COMPLEMENTAR 195\/2022 (LEI PAULO GUSTAVO) &#8211; AUDIOVISUAL<\/strong><\/p>\n\n\n\n<p>Aos onze dias do m\u00eas de dezembro de dois mil e vinte e tr\u00eas, se reuniram, por meio de videoconfer\u00eancia, os membros da Comiss\u00e3o de Sele\u00e7\u00e3o <strong>Adriana Scanavez dos Santos<\/strong>, <strong>Ivan Montanari Lima<\/strong> e <strong>Kaian N\u00f3brega Maryssael Ciasca<\/strong>, para a aprecia\u00e7\u00e3o dos recursos da fase de An\u00e1lise de M\u00e9rito Cultural relativos ao <strong>EDITAL DE CHAMAMENTO P\u00daBLICO N\u00ba 005\/2023 APOIO A PROJETOS CULTURAIS DE AUDIOVISUAL\u00a0 <\/strong>do munic\u00edpio de Santa Rita do Passa Quatro\/SP.<\/p>\n\n\n\n<div data-wp-interactive=\"core\/file\" class=\"wp-block-file\"><object data-wp-bind--hidden=\"!state.hasPdfPreview\" hidden class=\"wp-block-file__embed\" data=\"http:\/\/www.santaritadopassaquatro.sp.gov.br\/portal\/wp-content\/uploads\/2023\/12\/FINAL-SELECIONADOS-005-ATA-DE-REUNIAO-DA-COMISSAO-DE-SELECAO-REFERENTE-A-APRECIACAO-DOS-RECURSOS-DA-FASE-DE-ANALISE-DE-MERITO-CULTURAL-DAS.pdf\" type=\"application\/pdf\" style=\"width:100%;height:600px\" aria-label=\"Incorporado de FINAL-SELECIONADOS-005-ATA-DE-REUNIAO-DA-COMISSAO-DE-SELECAO-REFERENTE-A-APRECIACAO-DOS-RECURSOS-DA-FASE-DE-ANALISE-DE-MERITO-CULTURAL-DAS.\"><\/object><a id=\"wp-block-file--media-ea4c7091-f3cb-4e57-933f-65731fb055b3\" href=\"http:\/\/www.santaritadopassaquatro.sp.gov.br\/portal\/wp-content\/uploads\/2023\/12\/FINAL-SELECIONADOS-005-ATA-DE-REUNIAO-DA-COMISSAO-DE-SELECAO-REFERENTE-A-APRECIACAO-DOS-RECURSOS-DA-FASE-DE-ANALISE-DE-MERITO-CULTURAL-DAS.pdf\">FINAL-SELECIONADOS-005-ATA-DE-REUNIAO-DA-COMISSAO-DE-SELECAO-REFERENTE-A-APRECIACAO-DOS-RECURSOS-DA-FASE-DE-ANALISE-DE-MERITO-CULTURAL-DAS<\/a><a href=\"http:\/\/www.santaritadopassaquatro.sp.gov.br\/portal\/wp-content\/uploads\/2023\/12\/FINAL-SELECIONADOS-005-ATA-DE-REUNIAO-DA-COMISSAO-DE-SELECAO-REFERENTE-A-APRECIACAO-DOS-RECURSOS-DA-FASE-DE-ANALISE-DE-MERITO-CULTURAL-DAS.pdf\" class=\"wp-block-file__button wp-element-button\" download aria-describedby=\"wp-block-file--media-ea4c7091-f3cb-4e57-933f-65731fb055b3\">Baixar<\/a><\/div>\n","protected":false},"excerpt":{"rendered":"<p>EDITAL DE SELE\u00c7\u00c3O DE PROJETOS PARA FIRMAR TERMO DE EXECU\u00c7\u00c3O CULTURAL COM RECURSOS DA LEI COMPLEMENTAR 195\/2022 (LEI PAULO GUSTAVO)<\/p>\n","protected":false},"author":1,"featured_media":0,"comment_status":"closed","ping_status":"open","sticky":false,"template":"","format":"standard","meta":{"footnotes":""},"categories":[153],"tags":[],"class_list":["post-9709","post","type-post","status-publish","format-standard","hentry","category-paulo-gustavo"],"_links":{"self":[{"href":"https:\/\/www.santaritadopassaquatro.sp.gov.br\/portal\/wp-json\/wp\/v2\/posts\/9709","targetHints":{"allow":["GET"]}}],"collection":[{"href":"https:\/\/www.santaritadopassaquatro.sp.gov.br\/portal\/wp-json\/wp\/v2\/posts"}],"about":[{"href":"https:\/\/www.santaritadopassaquatro.sp.gov.br\/portal\/wp-json\/wp\/v2\/types\/post"}],"author":[{"embeddable":true,"href":"https:\/\/www.santaritadopassaquatro.sp.gov.br\/portal\/wp-json\/wp\/v2\/users\/1"}],"replies":[{"embeddable":true,"href":"https:\/\/www.santaritadopassaquatro.sp.gov.br\/portal\/wp-json\/wp\/v2\/comments?post=9709"}],"version-history":[{"count":1,"href":"https:\/\/www.santaritadopassaquatro.sp.gov.br\/portal\/wp-json\/wp\/v2\/posts\/9709\/revisions"}],"predecessor-version":[{"id":9711,"href":"https:\/\/www.santaritadopassaquatro.sp.gov.br\/portal\/wp-json\/wp\/v2\/posts\/9709\/revisions\/9711"}],"wp:attachment":[{"href":"https:\/\/www.santaritadopassaquatro.sp.gov.br\/portal\/wp-json\/wp\/v2\/media?parent=9709"}],"wp:term":[{"taxonomy":"category","embeddable":true,"href":"https:\/\/www.santaritadopassaquatro.sp.gov.br\/portal\/wp-json\/wp\/v2\/categories?post=9709"},{"taxonomy":"post_tag","embeddable":true,"href":"https:\/\/www.santaritadopassaquatro.sp.gov.br\/portal\/wp-json\/wp\/v2\/tags?post=9709"}],"curies":[{"name":"wp","href":"https:\/\/api.w.org\/{rel}","templated":true}]}}