{"id":9712,"date":"2023-12-14T08:18:05","date_gmt":"2023-12-14T11:18:05","guid":{"rendered":"http:\/\/www.santaritadopassaquatro.sp.gov.br\/portal\/?p=9712"},"modified":"2023-12-15T08:20:54","modified_gmt":"2023-12-15T11:20:54","slug":"ata-de-reuniao-da-comissao-de-selecao-referente-a-apreciacao-dos-recursos-da-fase-de-analise-de-merito-cultural-das-propostas-do-edital-de-chamamento-publico-no-006-2023-acoes-culturais-e-reconhecim","status":"publish","type":"post","link":"https:\/\/www.santaritadopassaquatro.sp.gov.br\/portal\/ata-de-reuniao-da-comissao-de-selecao-referente-a-apreciacao-dos-recursos-da-fase-de-analise-de-merito-cultural-das-propostas-do-edital-de-chamamento-publico-no-006-2023-acoes-culturais-e-reconhecim\/","title":{"rendered":"<strong>ATA DE REUNI\u00c3O DA COMISS\u00c3O DE SELE\u00c7\u00c3O REFERENTE \u00c0 APRECIA\u00c7\u00c3O DOS RECURSOS DA FASE DE AN\u00c1LISE DE M\u00c9RITO CULTURAL DAS PROPOSTAS DO EDITAL DE CHAMAMENTO P\u00daBLICO N\u00ba 006\/2023 &#8211; A\u00c7\u00d5ES CULTURAIS E RECONHECIMENTO DE TRAJET\u00d3RIAS CULTURAIS<\/strong>"},"content":{"rendered":"\n<p><strong>EDITAL DE SELE\u00c7\u00c3O DE PROJETOS PARA PREMIA\u00c7\u00c3O DE TRAJET\u00d3RIA CULTURAL EM MANIFESTA\u00c7\u00d5ES POPULARES OU PARA FIRMAR TERMO DE EXECU\u00c7\u00c3O CULTURAL COM RECURSOS DA LEI COMPLEMENTAR 195\/2022 (LEI PAULO GUSTAVO) \u2013 DEMAIS \u00c1REAS DA CULTURA QUE N\u00c3O O AUDIOVISUAL<\/strong><\/p>\n\n\n\n<p>Aos onze dias do m\u00eas de dezembro de dois mil e vinte e tr\u00eas, se reuniram, por meio de videoconfer\u00eancia, os membros da Comiss\u00e3o de Sele\u00e7\u00e3o <strong>Adriana Scanavez dos Santos<\/strong>, <strong>Ivan Montanari Lima<\/strong> e <strong>Kaian N\u00f3brega Maryssael Ciasca<\/strong>, para a aprecia\u00e7\u00e3o dos recursos da fase de An\u00e1lise de M\u00e9rito Cultural relativos ao <strong>EDITAL DE CHAMAMENTO P\u00daBLICO N\u00ba 006\/2023 &#8211; A\u00c7\u00d5ES CULTURAIS E RECONHECIMENTO DE TRAJET\u00d3RIAS CULTURAIS <\/strong>do munic\u00edpio de Santa Rita do Passa Quatro\/SP.<\/p>\n\n\n\n<div data-wp-interactive=\"core\/file\" class=\"wp-block-file\"><object data-wp-bind--hidden=\"!state.hasPdfPreview\" hidden class=\"wp-block-file__embed\" data=\"http:\/\/www.santaritadopassaquatro.sp.gov.br\/portal\/wp-content\/uploads\/2023\/12\/FINAL-SELECIONADOS-EDITAL-006-ATA-DE-REUNIAO-DA-COMISSAO-DE-SELECAO-REFERENTE-A-APRECIACAO-DOS-RECURSOS-DA-FASE-006.pdf\" type=\"application\/pdf\" style=\"width:100%;height:600px\" aria-label=\"Incorporado de FINAL-SELECIONADOS-EDITAL-006-ATA-DE-REUNIAO-DA-COMISSAO-DE-SELECAO-REFERENTE-A-APRECIACAO-DOS-RECURSOS-DA-FASE-006.\"><\/object><a id=\"wp-block-file--media-eef44d01-f656-4271-b534-96c9e04fc2f1\" href=\"http:\/\/www.santaritadopassaquatro.sp.gov.br\/portal\/wp-content\/uploads\/2023\/12\/FINAL-SELECIONADOS-EDITAL-006-ATA-DE-REUNIAO-DA-COMISSAO-DE-SELECAO-REFERENTE-A-APRECIACAO-DOS-RECURSOS-DA-FASE-006.pdf\">FINAL-SELECIONADOS-EDITAL-006-ATA-DE-REUNIAO-DA-COMISSAO-DE-SELECAO-REFERENTE-A-APRECIACAO-DOS-RECURSOS-DA-FASE-006<\/a><a href=\"http:\/\/www.santaritadopassaquatro.sp.gov.br\/portal\/wp-content\/uploads\/2023\/12\/FINAL-SELECIONADOS-EDITAL-006-ATA-DE-REUNIAO-DA-COMISSAO-DE-SELECAO-REFERENTE-A-APRECIACAO-DOS-RECURSOS-DA-FASE-006.pdf\" class=\"wp-block-file__button wp-element-button\" download aria-describedby=\"wp-block-file--media-eef44d01-f656-4271-b534-96c9e04fc2f1\">Baixar<\/a><\/div>\n","protected":false},"excerpt":{"rendered":"<p>EDITAL DE SELE\u00c7\u00c3O DE PROJETOS PARA PREMIA\u00c7\u00c3O DE TRAJET\u00d3RIA CULTURAL EM MANIFESTA\u00c7\u00d5ES POPULARES OU PARA FIRMAR TERMO DE EXECU\u00c7\u00c3O CULTURAL<\/p>\n","protected":false},"author":1,"featured_media":0,"comment_status":"closed","ping_status":"open","sticky":false,"template":"","format":"standard","meta":{"footnotes":""},"categories":[153],"tags":[],"class_list":["post-9712","post","type-post","status-publish","format-standard","hentry","category-paulo-gustavo"],"_links":{"self":[{"href":"https:\/\/www.santaritadopassaquatro.sp.gov.br\/portal\/wp-json\/wp\/v2\/posts\/9712","targetHints":{"allow":["GET"]}}],"collection":[{"href":"https:\/\/www.santaritadopassaquatro.sp.gov.br\/portal\/wp-json\/wp\/v2\/posts"}],"about":[{"href":"https:\/\/www.santaritadopassaquatro.sp.gov.br\/portal\/wp-json\/wp\/v2\/types\/post"}],"author":[{"embeddable":true,"href":"https:\/\/www.santaritadopassaquatro.sp.gov.br\/portal\/wp-json\/wp\/v2\/users\/1"}],"replies":[{"embeddable":true,"href":"https:\/\/www.santaritadopassaquatro.sp.gov.br\/portal\/wp-json\/wp\/v2\/comments?post=9712"}],"version-history":[{"count":1,"href":"https:\/\/www.santaritadopassaquatro.sp.gov.br\/portal\/wp-json\/wp\/v2\/posts\/9712\/revisions"}],"predecessor-version":[{"id":9714,"href":"https:\/\/www.santaritadopassaquatro.sp.gov.br\/portal\/wp-json\/wp\/v2\/posts\/9712\/revisions\/9714"}],"wp:attachment":[{"href":"https:\/\/www.santaritadopassaquatro.sp.gov.br\/portal\/wp-json\/wp\/v2\/media?parent=9712"}],"wp:term":[{"taxonomy":"category","embeddable":true,"href":"https:\/\/www.santaritadopassaquatro.sp.gov.br\/portal\/wp-json\/wp\/v2\/categories?post=9712"},{"taxonomy":"post_tag","embeddable":true,"href":"https:\/\/www.santaritadopassaquatro.sp.gov.br\/portal\/wp-json\/wp\/v2\/tags?post=9712"}],"curies":[{"name":"wp","href":"https:\/\/api.w.org\/{rel}","templated":true}]}}