{"id":9800,"date":"2024-01-08T14:08:36","date_gmt":"2024-01-08T17:08:36","guid":{"rendered":"http:\/\/www.santaritadopassaquatro.sp.gov.br\/portal\/?p=9800"},"modified":"2024-01-08T14:08:38","modified_gmt":"2024-01-08T17:08:38","slug":"assistencia-social-promovera-ferias-em-movimento-2024","status":"publish","type":"post","link":"https:\/\/www.santaritadopassaquatro.sp.gov.br\/portal\/assistencia-social-promovera-ferias-em-movimento-2024\/","title":{"rendered":"ASSIST\u00caNCIA SOCIAL PROMOVER\u00c1 \u201cF\u00c9RIAS EM MOVIMENTO &#8211; 2024\u201d"},"content":{"rendered":"\n<p>O Departamento Municipal de Assist\u00eancia Social, por meio do CRAS, abre inscri\u00e7\u00f5es para o Projeto \u201cF\u00e9rias em Movimento \u2013 2024\u201d. O programa \u00e9 destinado \u00e0s crian\u00e7as, com idades entre 5 e 12 anos, residentes no munic\u00edpio de Santa Rita do Passa Quatro e do Distrito de Santa Cruz da Estrela.<br>As inscri\u00e7\u00f5es iniciam dia 21\/12 e devem ser feitas at\u00e9 o pr\u00f3ximo dia 10\/01\/2024 no CRAS (Centro de Refer\u00eancia da Assist\u00eancia Social) e no Departamento de Promo\u00e7\u00e3o e Assist\u00eancia Social. Para inscri\u00e7\u00e3o, \u00e9 necess\u00e1rio levar c\u00f3pia de do RG ou Certid\u00e3o de Nascimento da crian\u00e7a e um comprovante de endere\u00e7o.<br>O Programa \u201cF\u00e9rias em Movimento\u201d acontece de 15 a 26 de janeiro, das 13h \u00e0s 17 horas, no Pavilh\u00e3o de Eventos situado no parque de Exposi\u00e7\u00e3o Pedro Girotto (Clube de Campo), oferecendo atividades de lazer, esportivas, l\u00fadicas, al\u00e9m de passeios e palestras.<br>O objetivo do \u201cF\u00e9rias em Movimento\u201d \u00e9 promover a conviv\u00eancia, forma\u00e7\u00e3o para a participa\u00e7\u00e3o e cidadania, visando o desenvolvimento de crian\u00e7as e adolescentes, preenchendo o tempo livre das f\u00e9rias, com atividades de intera\u00e7\u00e3o, aprendizagem, sociabilidade e prote\u00e7\u00e3o social.<br><strong><em>Vagas limitadas!<\/em><\/strong><br><strong>Para maiores informa\u00e7\u00f5es, ligue no telefone (19) 3582-2123.<\/strong><\/p>\n","protected":false},"excerpt":{"rendered":"<p>O Departamento Municipal de Assist\u00eancia Social, por meio do CRAS, abre inscri\u00e7\u00f5es para o Projeto \u201cF\u00e9rias em Movimento \u2013 2024\u201d.<\/p>\n","protected":false},"author":1,"featured_media":9801,"comment_status":"closed","ping_status":"open","sticky":false,"template":"","format":"standard","meta":{"footnotes":""},"categories":[43],"tags":[],"class_list":["post-9800","post","type-post","status-publish","format-standard","has-post-thumbnail","hentry","category-assistenciasocial"],"_links":{"self":[{"href":"https:\/\/www.santaritadopassaquatro.sp.gov.br\/portal\/wp-json\/wp\/v2\/posts\/9800","targetHints":{"allow":["GET"]}}],"collection":[{"href":"https:\/\/www.santaritadopassaquatro.sp.gov.br\/portal\/wp-json\/wp\/v2\/posts"}],"about":[{"href":"https:\/\/www.santaritadopassaquatro.sp.gov.br\/portal\/wp-json\/wp\/v2\/types\/post"}],"author":[{"embeddable":true,"href":"https:\/\/www.santaritadopassaquatro.sp.gov.br\/portal\/wp-json\/wp\/v2\/users\/1"}],"replies":[{"embeddable":true,"href":"https:\/\/www.santaritadopassaquatro.sp.gov.br\/portal\/wp-json\/wp\/v2\/comments?post=9800"}],"version-history":[{"count":1,"href":"https:\/\/www.santaritadopassaquatro.sp.gov.br\/portal\/wp-json\/wp\/v2\/posts\/9800\/revisions"}],"predecessor-version":[{"id":9802,"href":"https:\/\/www.santaritadopassaquatro.sp.gov.br\/portal\/wp-json\/wp\/v2\/posts\/9800\/revisions\/9802"}],"wp:featuredmedia":[{"embeddable":true,"href":"https:\/\/www.santaritadopassaquatro.sp.gov.br\/portal\/wp-json\/wp\/v2\/media\/9801"}],"wp:attachment":[{"href":"https:\/\/www.santaritadopassaquatro.sp.gov.br\/portal\/wp-json\/wp\/v2\/media?parent=9800"}],"wp:term":[{"taxonomy":"category","embeddable":true,"href":"https:\/\/www.santaritadopassaquatro.sp.gov.br\/portal\/wp-json\/wp\/v2\/categories?post=9800"},{"taxonomy":"post_tag","embeddable":true,"href":"https:\/\/www.santaritadopassaquatro.sp.gov.br\/portal\/wp-json\/wp\/v2\/tags?post=9800"}],"curies":[{"name":"wp","href":"https:\/\/api.w.org\/{rel}","templated":true}]}}