{"id":986,"date":"2019-03-15T14:21:24","date_gmt":"2019-03-15T17:21:24","guid":{"rendered":"http:\/\/www.santaritadopassaquatro.sp.gov.br\/portal\/?p=986"},"modified":"2019-03-15T14:21:24","modified_gmt":"2019-03-15T17:21:24","slug":"humor-stand-up-com-andre-massa-e-neste-sabado-em-dois-horarios","status":"publish","type":"post","link":"https:\/\/www.santaritadopassaquatro.sp.gov.br\/portal\/humor-stand-up-com-andre-massa-e-neste-sabado-em-dois-horarios\/","title":{"rendered":"HUMOR &#8211;\u00a0Stand up com Andr\u00e9 Massa \u00e9 neste s\u00e1bado em dois hor\u00e1rios"},"content":{"rendered":"<p><strong><em>Atra\u00e7\u00e3o acontece no Centro Cultural \u00e0s 17h e \u00e0s 20 horas, ingressos devem ser trocados por 1 litro de leite em prol do Asilo<\/em><\/strong><\/p>\n<p>&nbsp;<\/p>\n<p><img decoding=\"async\" class=\"alignnone size-medium wp-image-987 alignleft\" src=\"http:\/\/www.santaritadopassaquatro.sp.gov.br\/portal\/wp-content\/uploads\/2019\/03\/andre_massa_palco-300x199.jpg\" alt=\"\" width=\"300\" height=\"199\" srcset=\"https:\/\/www.santaritadopassaquatro.sp.gov.br\/portal\/wp-content\/uploads\/2019\/03\/andre_massa_palco-300x199.jpg 300w, https:\/\/www.santaritadopassaquatro.sp.gov.br\/portal\/wp-content\/uploads\/2019\/03\/andre_massa_palco-768x510.jpg 768w, https:\/\/www.santaritadopassaquatro.sp.gov.br\/portal\/wp-content\/uploads\/2019\/03\/andre_massa_palco.jpg 960w\" sizes=\"(max-width: 300px) 100vw, 300px\" \/>Prepare-se para muitas gargalhadas. Neste s\u00e1bado (16\/3) acontece a com\u00e9dia <em>stand up<\/em> Comediologia, com Andr\u00e9 Massa, no Centro Cultural M\u00e1rio Covas, em dois hor\u00e1rios, \u00e0s 17h e \u00e0s 20 horas. Esta \u00e9 a terceira vez que Santa Rita do Passa Quatro recebe a atra\u00e7\u00e3o, promovida com apoio do Departamento de Cultura e Turismo, da Prefeitura Municipal.<\/p>\n<p>Os ingressos s\u00e3o limitados e parra adquirir basta trocar por 1 litro de leite, no Museu Zequinha de Abreu (Pra\u00e7a Poeta Mario Mattoso &#8211; Esta\u00e7\u00e3o), que fica aberto neste s\u00e1bado das 8h \u00e0s 12 horas. O leite arrecadado ser\u00e1 destinado ao Lar S\u00e3o Vicente de Paulo (Asilo).<\/p>\n<p>Com participa\u00e7\u00f5es especiais de Rafa Bonfim e Kadu Rams\u00e9s, no espet\u00e1culo, Andr\u00e9 Massa promete um show de humor repleto de alegria, sem pol\u00eamicas, sem palavr\u00f5es e sem ultrapassar os \u201climites sociais\u201d, com diversas performances e in\u00fameras gargalhadas.<\/p>\n<p>A tra\u00e7\u00e3o foi apresentada na cidade em duas ocasi\u00f5es, em agosto e outubro de 2018, quando o artista proporcionou muitas gargalhadas aos presentes e ainda arrecadou alimentos tamb\u00e9m destinados Asilo.<\/p>\n<p>Andr\u00e9 Massa j\u00e1 soma mais de 90 mil seguidores em suas redes sociais e 300 mil visualiza\u00e7\u00f5es de v\u00eddeos no facebook. Hoje, o ator \u00e9 considerado uma das revela\u00e7\u00f5es do humor brasileiro. J\u00e1 passou por grandes r\u00e1dios e se consolida cada vez mais como apresentador no SBT de Ribeir\u00e3o Preto.<\/p>\n<p>&nbsp;<\/p>\n<blockquote><p><strong>SERVI\u00c7O<br \/>\nCOMEDIOLOGIA \u2013 <em>Stand up<\/em> com Andr\u00e9 Massa<br \/>\nQUANDO: <\/strong>s\u00e1bado, 16 de mar\u00e7o, \u00e0s 17h e 20 horas.<strong><br \/>\nONDE: <\/strong>Centro Cultural M\u00e1rio Covas.<br \/>\n<strong>Classifica\u00e7\u00e3o:<\/strong> 12 anos.<br \/>\n<strong>INGRESSOS: <\/strong>1 litro de leite (em benef\u00edcio ao Lar S\u00e3o Vicente de Paulo &#8211; Asilo). Trocar no Museu Zequinha de Abreu.<\/p><\/blockquote>\n<p>&nbsp;<\/p>\n<p>&nbsp;<\/p>\n<p><strong>\u00a0<\/strong><\/p>\n<p>&nbsp;<\/p>\n<p>&nbsp;<\/p>\n","protected":false},"excerpt":{"rendered":"<p>Atra\u00e7\u00e3o acontece no Centro Cultural \u00e0s 17h e \u00e0s 20 horas, ingressos devem ser trocados por 1 litro de leite<\/p>\n","protected":false},"author":1,"featured_media":987,"comment_status":"closed","ping_status":"open","sticky":false,"template":"","format":"standard","meta":{"footnotes":""},"categories":[46,48],"tags":[],"class_list":["post-986","post","type-post","status-publish","format-standard","has-post-thumbnail","hentry","category-cultura","category-featured"],"_links":{"self":[{"href":"https:\/\/www.santaritadopassaquatro.sp.gov.br\/portal\/wp-json\/wp\/v2\/posts\/986","targetHints":{"allow":["GET"]}}],"collection":[{"href":"https:\/\/www.santaritadopassaquatro.sp.gov.br\/portal\/wp-json\/wp\/v2\/posts"}],"about":[{"href":"https:\/\/www.santaritadopassaquatro.sp.gov.br\/portal\/wp-json\/wp\/v2\/types\/post"}],"author":[{"embeddable":true,"href":"https:\/\/www.santaritadopassaquatro.sp.gov.br\/portal\/wp-json\/wp\/v2\/users\/1"}],"replies":[{"embeddable":true,"href":"https:\/\/www.santaritadopassaquatro.sp.gov.br\/portal\/wp-json\/wp\/v2\/comments?post=986"}],"version-history":[{"count":0,"href":"https:\/\/www.santaritadopassaquatro.sp.gov.br\/portal\/wp-json\/wp\/v2\/posts\/986\/revisions"}],"wp:featuredmedia":[{"embeddable":true,"href":"https:\/\/www.santaritadopassaquatro.sp.gov.br\/portal\/wp-json\/wp\/v2\/media\/987"}],"wp:attachment":[{"href":"https:\/\/www.santaritadopassaquatro.sp.gov.br\/portal\/wp-json\/wp\/v2\/media?parent=986"}],"wp:term":[{"taxonomy":"category","embeddable":true,"href":"https:\/\/www.santaritadopassaquatro.sp.gov.br\/portal\/wp-json\/wp\/v2\/categories?post=986"},{"taxonomy":"post_tag","embeddable":true,"href":"https:\/\/www.santaritadopassaquatro.sp.gov.br\/portal\/wp-json\/wp\/v2\/tags?post=986"}],"curies":[{"name":"wp","href":"https:\/\/api.w.org\/{rel}","templated":true}]}}