{"id":9888,"date":"2024-02-20T11:03:48","date_gmt":"2024-02-20T14:03:48","guid":{"rendered":"http:\/\/www.santaritadopassaquatro.sp.gov.br\/portal\/?p=9888"},"modified":"2024-02-20T11:03:49","modified_gmt":"2024-02-20T14:03:49","slug":"edital-de-atribuicao-2024-5","status":"publish","type":"post","link":"https:\/\/www.santaritadopassaquatro.sp.gov.br\/portal\/edital-de-atribuicao-2024-5\/","title":{"rendered":"<strong>EDITAL DE ATRIBUI\u00c7\u00c3O\/2024<\/strong>"},"content":{"rendered":"\n<p>O Departamento Municipal de Educa\u00e7\u00e3o de Santa Rita do Passa Quatro, no uso de suas atribui\u00e7\u00f5es legais, vem comunicar as classes\/aulas constantes neste edital para atribui\u00e7\u00e3o que ocorrer\u00e1 no dia 21 de fevereiro de 2024, nas depend\u00eancias do Departamento de Educa\u00e7\u00e3o, \u00e0s 10h. Esse processo inclui como condi\u00e7\u00e3o para atribui\u00e7\u00e3o\/contrata\u00e7\u00e3o tempor\u00e1ria, confer\u00eancia de documenta\u00e7\u00e3o dos docentes classificados no Processo Seletivo 01\/2023.<\/p>\n\n\n\n<div data-wp-interactive=\"core\/file\" class=\"wp-block-file\"><object data-wp-bind--hidden=\"!state.hasPdfPreview\" hidden class=\"wp-block-file__embed\" data=\"http:\/\/www.santaritadopassaquatro.sp.gov.br\/portal\/wp-content\/uploads\/2024\/02\/005-Atribuicao-21-02-2024.pdf\" type=\"application\/pdf\" style=\"width:100%;height:600px\" aria-label=\"Incorporado de 005-Atribuicao-21-02-2024.\"><\/object><a id=\"wp-block-file--media-d562ed32-f617-4594-9bb9-df3aa370bc82\" href=\"http:\/\/www.santaritadopassaquatro.sp.gov.br\/portal\/wp-content\/uploads\/2024\/02\/005-Atribuicao-21-02-2024.pdf\">005-Atribuicao-21-02-2024<\/a><a href=\"http:\/\/www.santaritadopassaquatro.sp.gov.br\/portal\/wp-content\/uploads\/2024\/02\/005-Atribuicao-21-02-2024.pdf\" class=\"wp-block-file__button wp-element-button\" download aria-describedby=\"wp-block-file--media-d562ed32-f617-4594-9bb9-df3aa370bc82\">Baixar<\/a><\/div>\n","protected":false},"excerpt":{"rendered":"<p>O Departamento Municipal de Educa\u00e7\u00e3o de Santa Rita do Passa Quatro, no uso de suas atribui\u00e7\u00f5es legais, vem comunicar as<\/p>\n","protected":false},"author":1,"featured_media":0,"comment_status":"closed","ping_status":"open","sticky":false,"template":"","format":"standard","meta":{"footnotes":""},"categories":[33],"tags":[],"class_list":["post-9888","post","type-post","status-publish","format-standard","hentry","category-atribuicao-de-aulas"],"_links":{"self":[{"href":"https:\/\/www.santaritadopassaquatro.sp.gov.br\/portal\/wp-json\/wp\/v2\/posts\/9888","targetHints":{"allow":["GET"]}}],"collection":[{"href":"https:\/\/www.santaritadopassaquatro.sp.gov.br\/portal\/wp-json\/wp\/v2\/posts"}],"about":[{"href":"https:\/\/www.santaritadopassaquatro.sp.gov.br\/portal\/wp-json\/wp\/v2\/types\/post"}],"author":[{"embeddable":true,"href":"https:\/\/www.santaritadopassaquatro.sp.gov.br\/portal\/wp-json\/wp\/v2\/users\/1"}],"replies":[{"embeddable":true,"href":"https:\/\/www.santaritadopassaquatro.sp.gov.br\/portal\/wp-json\/wp\/v2\/comments?post=9888"}],"version-history":[{"count":1,"href":"https:\/\/www.santaritadopassaquatro.sp.gov.br\/portal\/wp-json\/wp\/v2\/posts\/9888\/revisions"}],"predecessor-version":[{"id":9890,"href":"https:\/\/www.santaritadopassaquatro.sp.gov.br\/portal\/wp-json\/wp\/v2\/posts\/9888\/revisions\/9890"}],"wp:attachment":[{"href":"https:\/\/www.santaritadopassaquatro.sp.gov.br\/portal\/wp-json\/wp\/v2\/media?parent=9888"}],"wp:term":[{"taxonomy":"category","embeddable":true,"href":"https:\/\/www.santaritadopassaquatro.sp.gov.br\/portal\/wp-json\/wp\/v2\/categories?post=9888"},{"taxonomy":"post_tag","embeddable":true,"href":"https:\/\/www.santaritadopassaquatro.sp.gov.br\/portal\/wp-json\/wp\/v2\/tags?post=9888"}],"curies":[{"name":"wp","href":"https:\/\/api.w.org\/{rel}","templated":true}]}}