{"id":989,"date":"2019-03-15T14:22:41","date_gmt":"2019-03-15T17:22:41","guid":{"rendered":"http:\/\/www.santaritadopassaquatro.sp.gov.br\/portal\/?p=989"},"modified":"2019-03-15T14:22:41","modified_gmt":"2019-03-15T17:22:41","slug":"cultura-promove-mais-uma-circo-na-praca-no-proximo-dia-30-de-marco","status":"publish","type":"post","link":"https:\/\/www.santaritadopassaquatro.sp.gov.br\/portal\/cultura-promove-mais-uma-circo-na-praca-no-proximo-dia-30-de-marco\/","title":{"rendered":"Cultura promove mais uma Circo na Pra\u00e7a no pr\u00f3ximo dia 30 de mar\u00e7o"},"content":{"rendered":"<p><strong><em>Atra\u00e7\u00e3o acontece na Pra\u00e7a Poeta M\u00e1rio Mattoso, com o espet\u00e1culo \u201cE O Palha\u00e7o O Que \u00c9?<\/em><\/strong><\/p>\n<p>&nbsp;<\/p>\n<figure id=\"attachment_990\" aria-describedby=\"caption-attachment-990\" style=\"width: 357px\" class=\"wp-caption alignleft\"><img decoding=\"async\" class=\"wp-image-990\" src=\"http:\/\/www.santaritadopassaquatro.sp.gov.br\/portal\/wp-content\/uploads\/2019\/03\/Circo_praca_palhaco-Foto-Teia-Camargo-300x152.jpg\" alt=\"\" width=\"357\" height=\"181\" srcset=\"https:\/\/www.santaritadopassaquatro.sp.gov.br\/portal\/wp-content\/uploads\/2019\/03\/Circo_praca_palhaco-Foto-Teia-Camargo-300x152.jpg 300w, https:\/\/www.santaritadopassaquatro.sp.gov.br\/portal\/wp-content\/uploads\/2019\/03\/Circo_praca_palhaco-Foto-Teia-Camargo.jpg 710w\" sizes=\"(max-width: 357px) 100vw, 357px\" \/><figcaption id=\"caption-attachment-990\" class=\"wp-caption-text\"><span style=\"font-size: 8pt; color: #999999;\"><strong><em>O palha\u00e7o Reinaldo Facchini que apresenta o espet\u00e1culo &#8220;E O Palha\u00e7o O Que \u00c9?&#8221; em Santa Rita (Teia Camargo\/Divulga\u00e7\u00e3o)<\/em><\/strong><\/span><\/figcaption><\/figure>\n<p>Santa Rita do Passa Quatro ir\u00e1 receber mais uma atra\u00e7\u00e3o teatral circense. Promovida pelo Departamento de Cultura e Turismo, da Prefeitura Municipal, o espet\u00e1culo &#8220;E O Palha\u00e7o O Que \u00c9?&#8221;, com o ator e palha\u00e7o Reinaldo Facchini, acontece no pr\u00f3ximo dia 30 de mar\u00e7o, s\u00e1bado, na Pra\u00e7a Poeta M\u00e1rio Mattoso, \u00e0 partir das 19h30.<\/p>\n<p>A atra\u00e7\u00e3o acontece em comemora\u00e7\u00e3o ao \u201cDia do Teatro e do Circo\u201d \u2013 celebrado anualmente no dia 27 de mar\u00e7o. Atrav\u00e9s do jogo direto com o p\u00fablico, o palha\u00e7o Jeca procura trazer \u00e0 tona toda ludicidade e poesia que tem a alma do Palha\u00e7o, sempre pensando em levar o entretenimento e o l\u00fadico.<\/p>\n<p>Um espet\u00e1culo feito para a fam\u00edlia, a atra\u00e7\u00e3o \u00e9 gratuita e tem classifica\u00e7\u00e3o livre.<\/p>\n<p><strong>\u00a0<\/strong><\/p>\n<p><strong>\u00a0<\/strong><\/p>\n<blockquote><p><strong>SERVI\u00c7O<br \/>\n&#8220;E O Palha\u00e7o O Que \u00c9?&#8221; (Circo e teatro)<br \/>\nQUANDO: <\/strong>s\u00e1bado, 30 de mar\u00e7o, \u00e0s 19h30.<strong><br \/>\nONDE: <\/strong>Pra\u00e7a Poeta M\u00e1rio Mattoso<br \/>\n<strong>Classifica\u00e7\u00e3o:<\/strong> Livre.<br \/>\n<strong>EVENTO GRATUITO<\/strong><\/p><\/blockquote>\n<p><strong><em>\u00a0<\/em><\/strong><\/p>\n<p>&nbsp;<\/p>\n<p><strong>\u00a0<\/strong><\/p>\n<p>&nbsp;<\/p>\n<p>&nbsp;<\/p>\n","protected":false},"excerpt":{"rendered":"<p>Atra\u00e7\u00e3o acontece na Pra\u00e7a Poeta M\u00e1rio Mattoso, com o espet\u00e1culo \u201cE O Palha\u00e7o O Que \u00c9? &nbsp; Santa Rita do<\/p>\n","protected":false},"author":1,"featured_media":0,"comment_status":"closed","ping_status":"open","sticky":false,"template":"","format":"standard","meta":{"footnotes":""},"categories":[46,48],"tags":[],"class_list":["post-989","post","type-post","status-publish","format-standard","hentry","category-cultura","category-featured"],"_links":{"self":[{"href":"https:\/\/www.santaritadopassaquatro.sp.gov.br\/portal\/wp-json\/wp\/v2\/posts\/989","targetHints":{"allow":["GET"]}}],"collection":[{"href":"https:\/\/www.santaritadopassaquatro.sp.gov.br\/portal\/wp-json\/wp\/v2\/posts"}],"about":[{"href":"https:\/\/www.santaritadopassaquatro.sp.gov.br\/portal\/wp-json\/wp\/v2\/types\/post"}],"author":[{"embeddable":true,"href":"https:\/\/www.santaritadopassaquatro.sp.gov.br\/portal\/wp-json\/wp\/v2\/users\/1"}],"replies":[{"embeddable":true,"href":"https:\/\/www.santaritadopassaquatro.sp.gov.br\/portal\/wp-json\/wp\/v2\/comments?post=989"}],"version-history":[{"count":0,"href":"https:\/\/www.santaritadopassaquatro.sp.gov.br\/portal\/wp-json\/wp\/v2\/posts\/989\/revisions"}],"wp:attachment":[{"href":"https:\/\/www.santaritadopassaquatro.sp.gov.br\/portal\/wp-json\/wp\/v2\/media?parent=989"}],"wp:term":[{"taxonomy":"category","embeddable":true,"href":"https:\/\/www.santaritadopassaquatro.sp.gov.br\/portal\/wp-json\/wp\/v2\/categories?post=989"},{"taxonomy":"post_tag","embeddable":true,"href":"https:\/\/www.santaritadopassaquatro.sp.gov.br\/portal\/wp-json\/wp\/v2\/tags?post=989"}],"curies":[{"name":"wp","href":"https:\/\/api.w.org\/{rel}","templated":true}]}}