{"id":992,"date":"2019-03-15T14:25:53","date_gmt":"2019-03-15T17:25:53","guid":{"rendered":"http:\/\/www.santaritadopassaquatro.sp.gov.br\/portal\/?p=992"},"modified":"2019-03-15T14:25:53","modified_gmt":"2019-03-15T17:25:53","slug":"2a-conferencia-municipal-ira-debater-os-direitos-do-idoso-nesta-quinta-feira","status":"publish","type":"post","link":"https:\/\/www.santaritadopassaquatro.sp.gov.br\/portal\/2a-conferencia-municipal-ira-debater-os-direitos-do-idoso-nesta-quinta-feira\/","title":{"rendered":"2\u00aa Confer\u00eancia Municipal ir\u00e1 debater os direitos do idoso nesta quinta-feira"},"content":{"rendered":"<p><strong><em>Toda popula\u00e7\u00e3o est\u00e1 convidada para o evento acontece no Centro Cultural M\u00e1rio Covas <\/em><\/strong><\/p>\n<p>&nbsp;<\/p>\n<p><img decoding=\"async\" class=\"alignnone size-full wp-image-993 alignleft\" src=\"http:\/\/www.santaritadopassaquatro.sp.gov.br\/portal\/wp-content\/uploads\/2019\/03\/conferencia_idoso.jpg\" alt=\"\" width=\"300\" height=\"300\" srcset=\"https:\/\/www.santaritadopassaquatro.sp.gov.br\/portal\/wp-content\/uploads\/2019\/03\/conferencia_idoso.jpg 300w, https:\/\/www.santaritadopassaquatro.sp.gov.br\/portal\/wp-content\/uploads\/2019\/03\/conferencia_idoso-150x150.jpg 150w\" sizes=\"(max-width: 300px) 100vw, 300px\" \/>Santa Rita do Passa Quatro realiza na pr\u00f3xima quinta-feira (21\/3), a 2\u00aa Confer\u00eancia Municipal dos Direitos do Idoso. Com o tema \u201cOs Desafios de Envelhecer no S\u00e9culo XXI e a Papel das Pol\u00edticas P\u00fablicas\u201d, o encontro acontecer\u00e1 das 8h30 \u00e0s 17 horas, no Centro Cultural M\u00e1rio Covas.<\/p>\n<p>A popula\u00e7\u00e3o em geral pode participar da Confer\u00eancia, especialmente membros de institui\u00e7\u00f5es que lidam com p\u00fablico idoso, al\u00e9m de profissionais de sa\u00fade, assist\u00eancia social, entre outros. O evento \u00e9 aberto ao p\u00fablico.<\/p>\n<p>Promovida em conjunto pelo Departamento Municipal de Assist\u00eancia e Desenvolvimento Social e Conselho Municipal do Idoso, o evento acontece em prepara\u00e7\u00e3o \u00e0 5\u00aa Confer\u00eancia Nacional dos Direitos da Pessoa Idosa, a ser realizada em Bras\u00edlia, no m\u00eas de novembro de 2019.<\/p>\n<p>As confer\u00eancias municipais, estaduais e distrital dever\u00e3o ser\u00e3o escolher e indicar os delegados que ir\u00e3o participar da etapa nacional.<\/p>\n<p>&nbsp;<\/p>\n<blockquote><p><strong>SERVI\u00c7O<\/strong><\/p>\n<p><strong>CONFER\u00caNCIA MUNICIPAL DOS DIREITOS DO IDOSO<br \/>\n<\/strong><strong>Tema:<\/strong> \u201cOs Desafios de Envelhecer no S\u00e9culo XXI e a Papel das Pol\u00edticas P\u00fablicas\u201d<br \/>\n<strong>Data e hor\u00e1rio:<\/strong> Dia 21 de mar\u00e7o de 2019, das 8h30 \u00e0s 17 horas<br \/>\n<strong>Local:<\/strong> Centro Cultural M\u00e1rio Covas.<br \/>\n<strong>Aberto ao p\u00fablico.<\/strong><\/p><\/blockquote>\n<p>&nbsp;<\/p>\n<p>&nbsp;<\/p>\n","protected":false},"excerpt":{"rendered":"<p>Toda popula\u00e7\u00e3o est\u00e1 convidada para o evento acontece no Centro Cultural M\u00e1rio Covas &nbsp; Santa Rita do Passa Quatro realiza<\/p>\n","protected":false},"author":1,"featured_media":0,"comment_status":"closed","ping_status":"open","sticky":false,"template":"","format":"standard","meta":{"footnotes":""},"categories":[43,44],"tags":[],"class_list":["post-992","post","type-post","status-publish","format-standard","hentry","category-assistenciasocial","category-cidades"],"_links":{"self":[{"href":"https:\/\/www.santaritadopassaquatro.sp.gov.br\/portal\/wp-json\/wp\/v2\/posts\/992","targetHints":{"allow":["GET"]}}],"collection":[{"href":"https:\/\/www.santaritadopassaquatro.sp.gov.br\/portal\/wp-json\/wp\/v2\/posts"}],"about":[{"href":"https:\/\/www.santaritadopassaquatro.sp.gov.br\/portal\/wp-json\/wp\/v2\/types\/post"}],"author":[{"embeddable":true,"href":"https:\/\/www.santaritadopassaquatro.sp.gov.br\/portal\/wp-json\/wp\/v2\/users\/1"}],"replies":[{"embeddable":true,"href":"https:\/\/www.santaritadopassaquatro.sp.gov.br\/portal\/wp-json\/wp\/v2\/comments?post=992"}],"version-history":[{"count":0,"href":"https:\/\/www.santaritadopassaquatro.sp.gov.br\/portal\/wp-json\/wp\/v2\/posts\/992\/revisions"}],"wp:attachment":[{"href":"https:\/\/www.santaritadopassaquatro.sp.gov.br\/portal\/wp-json\/wp\/v2\/media?parent=992"}],"wp:term":[{"taxonomy":"category","embeddable":true,"href":"https:\/\/www.santaritadopassaquatro.sp.gov.br\/portal\/wp-json\/wp\/v2\/categories?post=992"},{"taxonomy":"post_tag","embeddable":true,"href":"https:\/\/www.santaritadopassaquatro.sp.gov.br\/portal\/wp-json\/wp\/v2\/tags?post=992"}],"curies":[{"name":"wp","href":"https:\/\/api.w.org\/{rel}","templated":true}]}}