{"id":995,"date":"2019-03-15T14:28:10","date_gmt":"2019-03-15T17:28:10","guid":{"rendered":"http:\/\/www.santaritadopassaquatro.sp.gov.br\/portal\/?p=995"},"modified":"2019-03-15T14:28:10","modified_gmt":"2019-03-15T17:28:10","slug":"populacao-esta-convidada-para-participar-de-pre-conferencia-da-saude","status":"publish","type":"post","link":"https:\/\/www.santaritadopassaquatro.sp.gov.br\/portal\/populacao-esta-convidada-para-participar-de-pre-conferencia-da-saude\/","title":{"rendered":"Popula\u00e7\u00e3o est\u00e1 convidada para participar de pr\u00e9-confer\u00eancia da Sa\u00fade"},"content":{"rendered":"<p><strong><em>Evento acontece na C\u00e2mara Municipal na pr\u00f3xima sexta-feira em prepara\u00e7\u00e3o para a 1\u00aa Confer\u00eancia Municipal da Sa\u00fade<\/em><\/strong><\/p>\n<p>&nbsp;<\/p>\n<figure id=\"attachment_996\" aria-describedby=\"caption-attachment-996\" style=\"width: 369px\" class=\"wp-caption alignleft\"><img decoding=\"async\" class=\"wp-image-996\" src=\"http:\/\/www.santaritadopassaquatro.sp.gov.br\/portal\/wp-content\/uploads\/2019\/03\/reuniao_conferencia_municipal_saude-300x200.jpg\" alt=\"\" width=\"369\" height=\"246\" srcset=\"https:\/\/www.santaritadopassaquatro.sp.gov.br\/portal\/wp-content\/uploads\/2019\/03\/reuniao_conferencia_municipal_saude-300x200.jpg 300w, https:\/\/www.santaritadopassaquatro.sp.gov.br\/portal\/wp-content\/uploads\/2019\/03\/reuniao_conferencia_municipal_saude-768x512.jpg 768w, https:\/\/www.santaritadopassaquatro.sp.gov.br\/portal\/wp-content\/uploads\/2019\/03\/reuniao_conferencia_municipal_saude-1024x683.jpg 1024w\" sizes=\"(max-width: 369px) 100vw, 369px\" \/><figcaption id=\"caption-attachment-996\" class=\"wp-caption-text\"><span style=\"font-size: 8pt; color: #999999;\"><em><strong>Participantes de reuni\u00e3o em prepara\u00e7\u00e3o das pr\u00e9-confer\u00eancias e Confer\u00eancia Municipal da Sa\u00fade (ASsCom\/Divulga\u00e7\u00e3o) \u00a0<\/strong><\/em><\/span><\/figcaption><\/figure>\n<p>Sa\u00fade p\u00fablica \u00e9 assunto s\u00e9rio e sempre est\u00e1 em pauta nos meios de comunica\u00e7\u00e3o e redes sociais e a partir da pr\u00f3xima semana a popula\u00e7\u00e3o ter\u00e1 oportunidade de participar de evento preparat\u00f3rio da 1\u00aa Confer\u00eancia Municipal da Sa\u00fade Santa Rita do Passa Quatro.<\/p>\n<p>Aberta ao p\u00fablico, na pr\u00f3xima sexta-feira (22\/3) acontece uma das pr\u00e9-confer\u00eancias preparat\u00f3rias, a partir das 14 horas, na sede da C\u00e2mara Municipal. \u00a0O evento encerra a s\u00e9ries de pr\u00e9-confer\u00eancias que ser\u00e3o realizadas ao longo da semana na Santa Casa, CAIS-SR e CCI Santa Cruz da Estrela.<\/p>\n<p>Al\u00e9m da pr\u00e9-confer\u00eancia, a popula\u00e7\u00e3o poder\u00e1 participar da 1\u00aa Confer\u00eancia Municipal da Sa\u00fade, promovida Conselho Municipal de Sa\u00fade, com apoio do pelo Departamento Municipal de Sa\u00fade, que ir\u00e1 debater o tema \u201cA consolida\u00e7\u00e3o do SUS para manuten\u00e7\u00e3o do direito a Sa\u00fade\u201d, no pr\u00f3ximo dia 5 de abril, sexta-feira, das 8h \u00e0s 17 horas, no Centro Cultural Mario Covas.<\/p>\n<p>As confer\u00eancias municipais acontecem em prepara\u00e7\u00e3o \u00e0 Confer\u00eancia Nacional da Sa\u00fade que acontece em Bras\u00edlia, no pr\u00f3ximo m\u00eas de agosto.<\/p>\n<p>&nbsp;<\/p>\n<blockquote><p><strong>SERVI\u00c7O<\/strong><\/p>\n<p><strong>PR\u00c9-CONFER\u00caNCIA MUNICIPAL DA SA\u00daDE<br \/>\n<\/strong><strong>Data e hor\u00e1rio:<\/strong> Dia 22 de mar\u00e7o de 2019, \u00e0s 14 horas<br \/>\n<strong>Local:<\/strong> C\u00e2mara Municipal<br \/>\n<strong>Aberto ao p\u00fablico.<\/strong><\/p><\/blockquote>\n<p>&nbsp;<\/p>\n<p><strong>\u00a0<\/strong><\/p>\n<p>&nbsp;<\/p>\n<p>&nbsp;<\/p>\n","protected":false},"excerpt":{"rendered":"<p>Evento acontece na C\u00e2mara Municipal na pr\u00f3xima sexta-feira em prepara\u00e7\u00e3o para a 1\u00aa Confer\u00eancia Municipal da Sa\u00fade &nbsp; Sa\u00fade p\u00fablica<\/p>\n","protected":false},"author":1,"featured_media":996,"comment_status":"closed","ping_status":"open","sticky":false,"template":"","format":"standard","meta":{"footnotes":""},"categories":[48,52,58],"tags":[],"class_list":["post-995","post","type-post","status-publish","format-standard","has-post-thumbnail","hentry","category-featured","category-latest","category-health"],"_links":{"self":[{"href":"https:\/\/www.santaritadopassaquatro.sp.gov.br\/portal\/wp-json\/wp\/v2\/posts\/995","targetHints":{"allow":["GET"]}}],"collection":[{"href":"https:\/\/www.santaritadopassaquatro.sp.gov.br\/portal\/wp-json\/wp\/v2\/posts"}],"about":[{"href":"https:\/\/www.santaritadopassaquatro.sp.gov.br\/portal\/wp-json\/wp\/v2\/types\/post"}],"author":[{"embeddable":true,"href":"https:\/\/www.santaritadopassaquatro.sp.gov.br\/portal\/wp-json\/wp\/v2\/users\/1"}],"replies":[{"embeddable":true,"href":"https:\/\/www.santaritadopassaquatro.sp.gov.br\/portal\/wp-json\/wp\/v2\/comments?post=995"}],"version-history":[{"count":0,"href":"https:\/\/www.santaritadopassaquatro.sp.gov.br\/portal\/wp-json\/wp\/v2\/posts\/995\/revisions"}],"wp:featuredmedia":[{"embeddable":true,"href":"https:\/\/www.santaritadopassaquatro.sp.gov.br\/portal\/wp-json\/wp\/v2\/media\/996"}],"wp:attachment":[{"href":"https:\/\/www.santaritadopassaquatro.sp.gov.br\/portal\/wp-json\/wp\/v2\/media?parent=995"}],"wp:term":[{"taxonomy":"category","embeddable":true,"href":"https:\/\/www.santaritadopassaquatro.sp.gov.br\/portal\/wp-json\/wp\/v2\/categories?post=995"},{"taxonomy":"post_tag","embeddable":true,"href":"https:\/\/www.santaritadopassaquatro.sp.gov.br\/portal\/wp-json\/wp\/v2\/tags?post=995"}],"curies":[{"name":"wp","href":"https:\/\/api.w.org\/{rel}","templated":true}]}}